




{"id":15611,"date":"2026-04-23T10:55:32","date_gmt":"2026-04-23T08:55:32","guid":{"rendered":"https:\/\/www.habitatinsulae.es\/?p=15611"},"modified":"2026-04-27T10:55:38","modified_gmt":"2026-04-27T08:55:38","slug":"vivienda-asequible-42-pisos-sociales-en-poblenou","status":"publish","type":"post","link":"https:\/\/www.habitatinsulae.es\/ca\/vivienda-asequible-42-pisos-sociales-en-poblenou\/","title":{"rendered":"Vivienda asequible: 42 pisos sociales en Poblenou"},"content":{"rendered":"<p>La vivienda asequible en Barcelona suma 42 nuevos pisos de alquiler social con la finalizaci\u00f3n de La Sib\u00e8ria, una promoci\u00f3n impulsada por la Fundaci\u00f3 H\u00e0bitat3 y la empresa Coyoacan en el barrio del Poblenou. La actuaci\u00f3n ampl\u00eda la oferta de vivienda protegida en la ciudad gracias a un modelo de colaboraci\u00f3n p\u00fablico-privada que combina suelo municipal, inversi\u00f3n privada y gesti\u00f3n social especializada.<\/p>\n<h2>Colaboraci\u00f3n p\u00fablico-privada<\/h2>\n<p>El proyecto fue presentado por la presidenta de Fundaci\u00f3 H\u00e0bitat3, Carme Trilla, y por el representante de Coyoacan, Jaume Roures, quienes defendieron la necesidad de sumar recursos p\u00fablicos y privados para responder a la presi\u00f3n del mercado residencial en Barcelona. La promoci\u00f3n se ha desarrollado bajo la f\u00f3rmula de promoci\u00f3n delegada, un mecanismo pensado para movilizar capital privado con finalidad social.<\/p>\n<p>Coyoacan ha asumido el impulso y la financiaci\u00f3n de la obra, mientras que H\u00e0bitat3 se encargar\u00e1 de la gesti\u00f3n de los pisos y del acompa\u00f1amiento a las personas residentes. Este tipo de iniciativas refuerza el debate sobre la <a href=\"https:\/\/www.habitatinsulae.es\/ca\/impacto-social\/\" target=\"_blank\" rel=\"noopener\">inversi\u00f3n social<\/a>, el acceso al <strong>alquiler asequible<\/strong> y nuevas f\u00f3rmulas para ampliar la oferta residencial, incluidas propuestas como <a href=\"https:\/\/www.habitatinsulae.es\/ca\/genivs\/\" target=\"_blank\" rel=\"noopener\">GENIVS INSULAE<\/a>.<\/p>\n<h2>Vivienda social con destino para registro, entidades y emergencias<\/h2>\n<p>De las 42 viviendas, 30 se adjudicar\u00e1n a personas inscritas en el registro de solicitantes de vivienda de protecci\u00f3n oficial, 11 se reservar\u00e1n para entidades sociales que trabajan en proyectos de inclusi\u00f3n y una quedar\u00e1 en manos de H\u00e0bitat3 para atender situaciones de emergencia habitacional a trav\u00e9s de la Mesa de Emergencia de Barcelona.<\/p>\n<p>Todos los inmuebles cuentan con dos habitaciones y superficies de entre 61 y 72 metros cuadrados. Las rentas mensuales se situar\u00e1n entre 428 y 501 euros, una horquilla que busca facilitar el acceso a la vivienda a hogares con mayores dificultades, incluidos <a href=\"https:\/\/www.habitatinsulae.es\/ca\/vivienda-joven\/\" target=\"_blank\" rel=\"noopener\">j\u00f3venes que buscan vivienda<\/a> en un entorno urbano con fuerte demanda.<\/p>\n<h2>Vivienda sostenible e innovaci\u00f3n constructiva en La Sib\u00e8ria<\/h2>\n<p>La promoci\u00f3n tambi\u00e9n pone el foco en la sostenibilidad. El edificio se ha levantado con un sistema industrializado y estructura de madera, una soluci\u00f3n que reduce el impacto ambiental y acelera la ejecuci\u00f3n de la obra. A ello se suman medidas como la ventilaci\u00f3n cruzada, la conexi\u00f3n a la red de climatizaci\u00f3n urbana Districlima y la instalaci\u00f3n de placas solares para autoconsumo.<\/p>\n<p>El inmueble incorpora, adem\u00e1s, un sistema de reutilizaci\u00f3n de aguas grises y pluviales, lo que mejora la eficiencia del conjunto y consolida un modelo de vivienda social de calidad. En un contexto europeo marcado por el debate sobre la vivienda, la vivienda protegida, el papel del <strong>fondo europeo<\/strong> y la necesidad de ampliar el parque residencial, operaciones como esta muestran c\u00f3mo la colaboraci\u00f3n entre administraciones, entidades sociales y capital privado puede acelerar soluciones habitacionales.<\/p>\n<div id=\"attachment_15613\" style=\"width: 1034px\" class=\"wp-caption aligncenter\"><img decoding=\"async\" aria-describedby=\"caption-attachment-15613\" class=\"wp-image-15613 size-large\" src=\"https:\/\/www.habitatinsulae.es\/wp-content\/uploads\/2026\/04\/1_W9CM_leqA8bvRHsLraP6pw-1024x672.jpg\" alt=\"Promoci\u00f3n de vivienda asequible y alquiler social en el barrio del Poblenou de Barcelona. Fuente: Airial. \" width=\"1024\" height=\"672\" srcset=\"https:\/\/www.habitatinsulae.es\/wp-content\/uploads\/2026\/04\/1_W9CM_leqA8bvRHsLraP6pw-1024x672.jpg 1024w, https:\/\/www.habitatinsulae.es\/wp-content\/uploads\/2026\/04\/1_W9CM_leqA8bvRHsLraP6pw-300x197.jpg 300w, https:\/\/www.habitatinsulae.es\/wp-content\/uploads\/2026\/04\/1_W9CM_leqA8bvRHsLraP6pw-768x504.jpg 768w, https:\/\/www.habitatinsulae.es\/wp-content\/uploads\/2026\/04\/1_W9CM_leqA8bvRHsLraP6pw-18x12.jpg 18w, https:\/\/www.habitatinsulae.es\/wp-content\/uploads\/2026\/04\/1_W9CM_leqA8bvRHsLraP6pw.jpg 1400w\" sizes=\"(max-width: 1024px) 100vw, 1024px\" \/><p id=\"caption-attachment-15613\" class=\"wp-caption-text\">Promoci\u00f3n de vivienda asequible y alquiler social en el barrio del Poblenou de Barcelona. Fuente: Airial.<\/p><\/div>\n<p><strong>Fuente:<\/strong> <a href=\"https:\/\/www.europapress.es\/\" target=\"_blank\" rel=\"noopener\">Europa Press<\/a><\/p>","protected":false},"excerpt":{"rendered":"<p>Barcelona incorpora 42 nuevas viviendas de alquiler social en Poblenou con la promoci\u00f3n La Sib\u00e8ria, impulsada por H\u00e0bitat3 y Coyoacan. El proyecto apuesta por la colaboraci\u00f3n p\u00fablico-privada, la sostenibilidad y la ampliaci\u00f3n de la vivienda protegida para colectivos con mayores dificultades.<\/p>","protected":false},"author":3,"featured_media":15612,"comment_status":"open","ping_status":"open","sticky":false,"template":"","format":"standard","meta":{"footnotes":""},"categories":[2,61,3],"tags":[179,250,181,145],"class_list":["post-15611","post","type-post","status-publish","format-standard","has-post-thumbnail","hentry","category-actualidad","category-iniciativas","category-vivienda","tag-alquiler-asequible","tag-barcelona","tag-inversion-social","tag-vivienda"],"aioseo_notices":[],"_wp_attached_file":null,"_wp_attachment_metadata":null,"cmsmasters_profile_title":null,"cmsmasters_profile_details_title":null,"cmsmasters_profile_social":null,"cmsmasters_profile_features":null,"cmsmasters_profile_features_one":null,"cmsmasters_profile_features_two":null,"cmsmasters_profile_features_three":null,"cmsmasters_profile_sharing_box":null,"cmsmasters_profile_read_more":null,"cmsmasters_profile_subtitle":null,"cmsmasters_profile_featured_image":null,"cmsmasters_project_columns":null,"cmsmasters_project_video_type":null,"cmsmasters_project_video_links":null,"cmsmasters_project_title":null,"cmsmasters_project_size":null,"cmsmasters_project_details_title":null,"cmsmasters_project_features":null,"cmsmasters_project_link_text":null,"cmsmasters_project_link_redirect":null,"cmsmasters_project_link_target":null,"cmsmasters_project_features_one":null,"cmsmasters_project_features_two":null,"cmsmasters_project_features_three":null,"cmsmasters_project_sharing_box":null,"cmsmasters_project_author_box":null,"cmsmasters_project_more_posts":null,"cmsmasters_project_project_options":null,"cmsmasters_project_read_more":null,"cmsmasters_project_images":null,"cmsmasters_project_image_show":null,"_oembed_b1ccef4f7d7ec9ee9f363a917754e485":null,"_oembed_time_b1ccef4f7d7ec9ee9f363a917754e485":null,"_oembed_94f7d3c89c139230786a25858f781fe7":null,"_oembed_time_94f7d3c89c139230786a25858f781fe7":null,"_oembed_0902e555d5b62bccd72f45d83d98b16e":null,"_oembed_time_0902e555d5b62bccd72f45d83d98b16e":null,"cmsmasters_project_puzzle_image":null,"_wp_attachment_context":null,"_eael_custom_js":null,"_menu_item_type":null,"_menu_item_menu_item_parent":null,"_menu_item_object_id":null,"_menu_item_object":null,"_menu_item_target":null,"_menu_item_classes":null,"_menu_item_xfn":null,"_menu_item_url":null,"_wp_page_template":null,"_wpb_vc_js_interface_version":null,"vc_teaser":null,"_post_restored_from":null,"pressroom_review_average":null,"before_widget":null,"after_widget":null,"before_title":null,"after_title":null,"hidden":null,"_wp_attachment_image_alt":null,"rank_math_primary_category":null,"rank_math_seo_score":null,"rank_math_contentai_score":null,"rank_math_title":null,"rank_math_schema_article":null,"rank_math_shortcode_schema_s-687fa54b292b3":null,"rank_math_description":null,"rank_math_focus_keyword":null,"om_disable_all_campaigns":null,"original-file":null,"smush-complete":null,"smush-info":null,"smush-stats":null,"_monsterinsights_sitenote_active":null,"_yoast_wpseo_primary_category":null,"_yoast_wpseo_content_score":null,"_yoast_wpseo_estimated-reading-time-minutes":null,"_yoast_wpseo_metadesc":null,"_cmplz_scanned_post":null,"_aioseop_title":null,"_aioseop_description":null,"_aioseop_keywords":null,"_wpb_post_custom_seo_settings":null,"_wpb_post_custom_css":null,"enclosure":null,"_oembed_917c769c7dbf5d57ddaf9c4330ca4b4f":null,"_elementor_edit_mode":null,"_elementor_template_type":null,"cmsmasters_shortcodes_custom_css":null,"cmsmasters_post_image_show":null,"cmsmasters_post_image_link":null,"cmsmasters_post_images":null,"cmsmasters_post_video_type":null,"cmsmasters_post_video_link":null,"cmsmasters_post_video_links":null,"cmsmasters_post_audio_links":null,"cmsmasters_post_title":null,"cmsmasters_post_sharing_box":null,"cmsmasters_post_author_box":null,"cmsmasters_post_more_posts":null,"cmsmasters_post_read_more":null,"cmsmasters_page_scheme":null,"cmsmasters_layout":null,"cmsmasters_sidebar_id":null,"cmsmasters_bottom_sidebar":null,"cmsmasters_bottom_sidebar_id":null,"cmsmasters_bottom_sidebar_layout":null,"cmsmasters_bg_default":null,"cmsmasters_bg_col":null,"cmsmasters_bg_img_enable":null,"cmsmasters_bg_img":null,"cmsmasters_bg_rep":null,"cmsmasters_bg_pos":null,"cmsmasters_bg_att":null,"cmsmasters_bg_size":null,"cmsmasters_heading":null,"cmsmasters_heading_title":null,"cmsmasters_heading_subtitle":null,"cmsmasters_heading_icon":null,"cmsmasters_heading_alignment":null,"cmsmasters_heading_scheme":null,"cmsmasters_heading_bg_img_enable":null,"cmsmasters_heading_bg_img":null,"cmsmasters_heading_bg_rep":null,"cmsmasters_heading_bg_att":null,"cmsmasters_heading_bg_size":null,"cmsmasters_heading_bg_color":null,"cmsmasters_heading_height":null,"cmsmasters_breadcrumbs":null,"cmsmasters_composer_show":null,"cmsmasters_gutenberg_show":null,"cmsmasters_composer_fullscreen":null,"slide_template":null,"_wp_old_slug":null,"cmsmasters_likes":null,"_thumbnail_id":"15612","_elementor_version":null,"_elementor_pro_version":null,"_elementor_data":null,"_wpb_vc_editor_type":"classic","_wpb_vc_js_status":null,"pressroom_primary_category":"-","pressroom_featured_caption":"","pressroom_featured_caption_author":"","pressroom_video_url":"","pressroom_post_url":"","pressroom_quote_text":"","pressroom_quote_author":"","pressroom_audio_url":"","social_icon_type":[],"social_icon_url":["","","",""],"social_icon_target":["same_window","same_window","same_window","same_window"],"pressroom_attachment_ids":["","",""],"pressroom_images":[],"pressroom_images_titles":["","",""],"pressroom_images_descriptions":["","",""],"pressroom_videos":["","",""],"pressroom_iframes":["","",""],"pressroom_is_review":"no","pressroom_points_scale":"","pressroom_review_label":[],"pressroom_review_value":[],"pressroom_review_title":"","pressroom_review_description":"","page_sidebar_header":"","page_sidebar_top":"","page_sidebar_right":"","page_sidebar_footer_top":"","page_sidebar_footer_bottom":"","pressroom_page_sidebars":[],"_vc_post_settings":null,"post_views_count":"23","_edit_last":"1","_edit_lock":"1777280138:1","_wpb_post_custom_layout":null,"rank_math_internal_links_processed":null,"footnotes":null,"_wp_old_date":"2026-04-22","_aioseo_title":"#post_title","_aioseo_description":"Vivienda asequible en Barcelona: H\u00e0bitat3 y Coyoacan entregan 42 pisos de alquiler social en Poblenou con gesti\u00f3n social y soluciones sostenibles.","_aioseo_keywords":[],"_aioseo_og_title":"","_aioseo_og_description":"","_aioseo_og_article_section":"","_aioseo_og_article_tags":[],"_aioseo_twitter_title":"","_aioseo_twitter_description":"","_cdp_origin":null,"_cdp_origin_site":null,"_cdp_origin_title":null,"_cdp_counter":null,"cmplz_hide_cookiebanner":null,"_links":{"self":[{"href":"https:\/\/www.habitatinsulae.es\/ca\/wp-json\/wp\/v2\/posts\/15611","targetHints":{"allow":["GET"]}}],"collection":[{"href":"https:\/\/www.habitatinsulae.es\/ca\/wp-json\/wp\/v2\/posts"}],"about":[{"href":"https:\/\/www.habitatinsulae.es\/ca\/wp-json\/wp\/v2\/types\/post"}],"author":[{"embeddable":true,"href":"https:\/\/www.habitatinsulae.es\/ca\/wp-json\/wp\/v2\/users\/3"}],"replies":[{"embeddable":true,"href":"https:\/\/www.habitatinsulae.es\/ca\/wp-json\/wp\/v2\/comments?post=15611"}],"version-history":[{"count":1,"href":"https:\/\/www.habitatinsulae.es\/ca\/wp-json\/wp\/v2\/posts\/15611\/revisions"}],"predecessor-version":[{"id":15614,"href":"https:\/\/www.habitatinsulae.es\/ca\/wp-json\/wp\/v2\/posts\/15611\/revisions\/15614"}],"wp:featuredmedia":[{"embeddable":true,"href":"https:\/\/www.habitatinsulae.es\/ca\/wp-json\/wp\/v2\/media\/15612"}],"wp:attachment":[{"href":"https:\/\/www.habitatinsulae.es\/ca\/wp-json\/wp\/v2\/media?parent=15611"}],"wp:term":[{"taxonomy":"category","embeddable":true,"href":"https:\/\/www.habitatinsulae.es\/ca\/wp-json\/wp\/v2\/categories?post=15611"},{"taxonomy":"post_tag","embeddable":true,"href":"https:\/\/www.habitatinsulae.es\/ca\/wp-json\/wp\/v2\/tags?post=15611"}],"curies":[{"name":"wp","href":"https:\/\/api.w.org\/{rel}","templated":true}]}}