




{"id":15607,"date":"2026-04-22T10:00:16","date_gmt":"2026-04-22T08:00:16","guid":{"rendered":"https:\/\/www.habitatinsulae.es\/?p=15607"},"modified":"2026-04-27T10:55:26","modified_gmt":"2026-04-27T08:55:26","slug":"vivienda-apcespana-ve-insuficiente-el-plan-2026-2030","status":"publish","type":"post","link":"https:\/\/www.habitatinsulae.es\/ca\/vivienda-apcespana-ve-insuficiente-el-plan-2026-2030\/","title":{"rendered":"Vivienda: APCEspa\u00f1a ve insuficiente el plan 2026-2030"},"content":{"rendered":"<p>La Asociaci\u00f3n de Promotores Constructores de Espa\u00f1a (APCEspa\u00f1a) ha valorado como un primer paso el nuevo Plan Estatal de <strong>vivienda<\/strong> 2026-2030 aprobado por el Consejo de Ministros, aunque ha advertido de que su efectividad depender\u00e1 en buena medida de c\u00f3mo se concreten los convenios con las comunidades aut\u00f3nomas y de la capacidad real para trasladar las medidas al mercado residencial.<\/p>\n<p>La patronal del sector considera positivo el aumento de la dotaci\u00f3n presupuestaria respecto a programas anteriores, una se\u00f1al que entiende necesaria para reforzar la pol\u00edtica p\u00fablica de <strong>vivienda protegida<\/strong> y de <strong>alquiler asequible<\/strong>. A su juicio, ese mayor esfuerzo econ\u00f3mico deber\u00eda mantenerse en los pr\u00f3ximos planes estatales para que la inversi\u00f3n p\u00fablica tenga continuidad y resultados tangibles.<\/p>\n<h2>La vivienda gana apoyo presupuestario y ayudas clave<\/h2>\n<p>Entre los aspectos mejor recibidos por APCEspa\u00f1a destaca la incorporaci\u00f3n de ayudas para financiar la urbanizaci\u00f3n, una medida que el sector ven\u00eda reclamando desde hace tiempo por su impacto directo en la viabilidad de numerosos desarrollos. Para los promotores, este respaldo puede facilitar la activaci\u00f3n de suelo y acelerar proyectos que hoy encuentran dificultades para salir adelante.<\/p>\n<p>Tambi\u00e9n ha sido bien valorada la recuperaci\u00f3n de las ayudas a la construcci\u00f3n, que la asociaci\u00f3n considera imprescindibles para ampliar el parque residencial en Espa\u00f1a, especialmente en los segmentos de <strong>vivienda asequible<\/strong> y <strong>vivienda protegida<\/strong>. En este contexto, el sector insiste en que aumentar la oferta es una condici\u00f3n esencial para aliviar la presi\u00f3n sobre los precios y mejorar el acceso a la vivienda para <strong>j\u00f3venes<\/strong> y hogares con mayores dificultades.<\/p>\n<p>En paralelo, iniciativas ligadas a la <a href=\"https:\/\/www.habitatinsulae.es\/ca\/vivienda-joven\/\" target=\"_blank\" rel=\"noopener\">vivienda para j\u00f3venes<\/a>, a la <a href=\"https:\/\/www.habitatinsulae.es\/ca\/impacto-social\/\" target=\"_blank\" rel=\"noopener\">inversi\u00f3n social<\/a> y a modelos como <a href=\"https:\/\/www.habitatinsulae.es\/ca\/genivs\/\" target=\"_blank\" rel=\"noopener\">GENIVS INSULAE<\/a> refuerzan el debate sobre nuevas f\u00f3rmulas para impulsar un parque residencial m\u00e1s accesible y sostenible.<\/p>\n<h2>El reto de la vivienda sigue en la seguridad jur\u00eddica<\/h2>\n<p>Pese a su valoraci\u00f3n favorable del decreto, APCEspa\u00f1a sostiene que el principal desaf\u00edo no es solo presupuestario. La asociaci\u00f3n subraya que el verdadero cuello de botella est\u00e1 en la falta de seguridad jur\u00eddica y en las trabas administrativas que siguen ralentizando los desarrollos urban\u00edsticos durante largos periodos.<\/p>\n<p>Seg\u00fan la organizaci\u00f3n, estos retrasos pueden prolongarse de media hasta 16 a\u00f1os, un horizonte que dificulta la planificaci\u00f3n empresarial, encarece los proyectos y limita la entrada de nueva oferta al mercado. Por ello, reclama una revisi\u00f3n de la regulaci\u00f3n urban\u00edstica nacional y una mayor coordinaci\u00f3n institucional para que las medidas del plan no queden frenadas en su aplicaci\u00f3n pr\u00e1ctica.<\/p>\n<h2>Colaboraci\u00f3n institucional y reforma estructural<\/h2>\n<p>La patronal ha reiterado su disposici\u00f3n a colaborar con las administraciones p\u00fablicas para impulsar soluciones estructurales, sostenibles y eficaces al problema del acceso a la <strong>vivienda<\/strong>. En su opini\u00f3n, combinar financiaci\u00f3n, agilidad normativa y cooperaci\u00f3n entre Estado y autonom\u00edas ser\u00e1 decisivo para que el Plan Estatal de Vivienda 2026-2030 tenga un efecto real sobre la oferta disponible.<\/p>\n<p>El sector espera que esta nueva etapa sirva para consolidar pol\u00edticas de largo recorrido orientadas a ampliar el parque residencial, facilitar proyectos de <strong>alquiler asequible<\/strong> y reforzar el papel de la <strong>vivienda protegida<\/strong> como herramienta de cohesi\u00f3n social.<\/p>\n<p>Para ampliar el contexto institucional, puede consultarse la informaci\u00f3n del <a href=\"https:\/\/www.mivau.gob.es\/\" target=\"_blank\" rel=\"noopener\">Ministerio de Vivienda y Agenda Urbana<\/a> y la cobertura de la <a href=\"https:\/\/www.europapress.es\/\" target=\"_blank\" rel=\"noopener\">fuente original<\/a>.<\/p>\n<div id=\"attachment_15609\" style=\"width: 340px\" class=\"wp-caption aligncenter\"><img decoding=\"async\" aria-describedby=\"caption-attachment-15609\" class=\"wp-image-15609 size-full\" src=\"https:\/\/www.habitatinsulae.es\/wp-content\/uploads\/2026\/04\/Madrid_-_Nuevos_Ministerios_03-1.jpg\" alt=\"Sede del Ministerio de Vivienda y Agenda Urbana en Nuevos Ministerios (Madrid). Fuente: Wikimedia Commons. \" width=\"330\" height=\"247\" srcset=\"https:\/\/www.habitatinsulae.es\/wp-content\/uploads\/2026\/04\/Madrid_-_Nuevos_Ministerios_03-1.jpg 330w, https:\/\/www.habitatinsulae.es\/wp-content\/uploads\/2026\/04\/Madrid_-_Nuevos_Ministerios_03-1-300x225.jpg 300w, https:\/\/www.habitatinsulae.es\/wp-content\/uploads\/2026\/04\/Madrid_-_Nuevos_Ministerios_03-1-16x12.jpg 16w\" sizes=\"(max-width: 330px) 100vw, 330px\" \/><p id=\"caption-attachment-15609\" class=\"wp-caption-text\">Sede del Ministerio de Vivienda y Agenda Urbana en Nuevos Ministerios (Madrid). Fuente: Wikimedia Commons.<\/p><\/div>\n<p><strong>Fuente:<\/strong> Europa Press<\/p>","protected":false},"excerpt":{"rendered":"<p>APCEspa\u00f1a considera un primer paso el nuevo Plan Estatal de Vivienda 2026-2030. Valora m\u00e1s presupuesto y ayudas a urbanizaci\u00f3n y construcci\u00f3n, pero advierte de que sin seguridad jur\u00eddica ni menos trabas urban\u00edsticas ser\u00e1 dif\u00edcil ampliar la oferta de vivienda asequible y protegida.<\/p>","protected":false},"author":3,"featured_media":15608,"comment_status":"open","ping_status":"open","sticky":false,"template":"","format":"standard","meta":{"footnotes":""},"categories":[95,96,3],"tags":[163,257,212,145],"class_list":["post-15607","post","type-post","status-publish","format-standard","has-post-thumbnail","hentry","category-fonos-inversion-social","category-politica","category-vivienda","tag-economia","tag-politica-inmobiliaria","tag-urbanismo","tag-vivienda"],"aioseo_notices":[],"_wp_attached_file":null,"_wp_attachment_metadata":null,"cmsmasters_profile_title":null,"cmsmasters_profile_details_title":null,"cmsmasters_profile_social":null,"cmsmasters_profile_features":null,"cmsmasters_profile_features_one":null,"cmsmasters_profile_features_two":null,"cmsmasters_profile_features_three":null,"cmsmasters_profile_sharing_box":null,"cmsmasters_profile_read_more":null,"cmsmasters_profile_subtitle":null,"cmsmasters_profile_featured_image":null,"cmsmasters_project_columns":null,"cmsmasters_project_video_type":null,"cmsmasters_project_video_links":null,"cmsmasters_project_title":null,"cmsmasters_project_size":null,"cmsmasters_project_details_title":null,"cmsmasters_project_features":null,"cmsmasters_project_link_text":null,"cmsmasters_project_link_redirect":null,"cmsmasters_project_link_target":null,"cmsmasters_project_features_one":null,"cmsmasters_project_features_two":null,"cmsmasters_project_features_three":null,"cmsmasters_project_sharing_box":null,"cmsmasters_project_author_box":null,"cmsmasters_project_more_posts":null,"cmsmasters_project_project_options":null,"cmsmasters_project_read_more":null,"cmsmasters_project_images":null,"cmsmasters_project_image_show":null,"_oembed_b1ccef4f7d7ec9ee9f363a917754e485":null,"_oembed_time_b1ccef4f7d7ec9ee9f363a917754e485":null,"_oembed_94f7d3c89c139230786a25858f781fe7":null,"_oembed_time_94f7d3c89c139230786a25858f781fe7":null,"_oembed_0902e555d5b62bccd72f45d83d98b16e":null,"_oembed_time_0902e555d5b62bccd72f45d83d98b16e":null,"cmsmasters_project_puzzle_image":null,"_wp_attachment_context":null,"_eael_custom_js":null,"_menu_item_type":null,"_menu_item_menu_item_parent":null,"_menu_item_object_id":null,"_menu_item_object":null,"_menu_item_target":null,"_menu_item_classes":null,"_menu_item_xfn":null,"_menu_item_url":null,"_wp_page_template":null,"_wpb_vc_js_interface_version":null,"vc_teaser":null,"_post_restored_from":null,"pressroom_review_average":null,"before_widget":null,"after_widget":null,"before_title":null,"after_title":null,"hidden":null,"_wp_attachment_image_alt":null,"rank_math_primary_category":null,"rank_math_seo_score":null,"rank_math_contentai_score":null,"rank_math_title":null,"rank_math_schema_article":null,"rank_math_shortcode_schema_s-687fa54b292b3":null,"rank_math_description":null,"rank_math_focus_keyword":null,"om_disable_all_campaigns":null,"original-file":null,"smush-complete":null,"smush-info":null,"smush-stats":null,"_monsterinsights_sitenote_active":null,"_yoast_wpseo_primary_category":null,"_yoast_wpseo_content_score":null,"_yoast_wpseo_estimated-reading-time-minutes":null,"_yoast_wpseo_metadesc":null,"_cmplz_scanned_post":null,"_aioseop_title":null,"_aioseop_description":null,"_aioseop_keywords":null,"_wpb_post_custom_seo_settings":null,"_wpb_post_custom_css":null,"enclosure":null,"_oembed_917c769c7dbf5d57ddaf9c4330ca4b4f":null,"_elementor_edit_mode":null,"_elementor_template_type":null,"cmsmasters_shortcodes_custom_css":null,"cmsmasters_post_image_show":null,"cmsmasters_post_image_link":null,"cmsmasters_post_images":null,"cmsmasters_post_video_type":null,"cmsmasters_post_video_link":null,"cmsmasters_post_video_links":null,"cmsmasters_post_audio_links":null,"cmsmasters_post_title":null,"cmsmasters_post_sharing_box":null,"cmsmasters_post_author_box":null,"cmsmasters_post_more_posts":null,"cmsmasters_post_read_more":null,"cmsmasters_page_scheme":null,"cmsmasters_layout":null,"cmsmasters_sidebar_id":null,"cmsmasters_bottom_sidebar":null,"cmsmasters_bottom_sidebar_id":null,"cmsmasters_bottom_sidebar_layout":null,"cmsmasters_bg_default":null,"cmsmasters_bg_col":null,"cmsmasters_bg_img_enable":null,"cmsmasters_bg_img":null,"cmsmasters_bg_rep":null,"cmsmasters_bg_pos":null,"cmsmasters_bg_att":null,"cmsmasters_bg_size":null,"cmsmasters_heading":null,"cmsmasters_heading_title":null,"cmsmasters_heading_subtitle":null,"cmsmasters_heading_icon":null,"cmsmasters_heading_alignment":null,"cmsmasters_heading_scheme":null,"cmsmasters_heading_bg_img_enable":null,"cmsmasters_heading_bg_img":null,"cmsmasters_heading_bg_rep":null,"cmsmasters_heading_bg_att":null,"cmsmasters_heading_bg_size":null,"cmsmasters_heading_bg_color":null,"cmsmasters_heading_height":null,"cmsmasters_breadcrumbs":null,"cmsmasters_composer_show":null,"cmsmasters_gutenberg_show":null,"cmsmasters_composer_fullscreen":null,"slide_template":null,"_wp_old_slug":null,"cmsmasters_likes":null,"_thumbnail_id":"15608","_elementor_version":null,"_elementor_pro_version":null,"_elementor_data":null,"_wpb_vc_editor_type":"classic","_wpb_vc_js_status":null,"pressroom_primary_category":"-","pressroom_featured_caption":"","pressroom_featured_caption_author":"","pressroom_video_url":"","pressroom_post_url":"","pressroom_quote_text":"","pressroom_quote_author":"","pressroom_audio_url":"","social_icon_type":[],"social_icon_url":["","","",""],"social_icon_target":["same_window","same_window","same_window","same_window"],"pressroom_attachment_ids":["","",""],"pressroom_images":[],"pressroom_images_titles":["","",""],"pressroom_images_descriptions":["","",""],"pressroom_videos":["","",""],"pressroom_iframes":["","",""],"pressroom_is_review":"no","pressroom_points_scale":"","pressroom_review_label":[],"pressroom_review_value":[],"pressroom_review_title":"","pressroom_review_description":"","page_sidebar_header":"","page_sidebar_top":"","page_sidebar_right":"","page_sidebar_footer_top":"","page_sidebar_footer_bottom":"","pressroom_page_sidebars":[],"_vc_post_settings":null,"post_views_count":"15","_edit_last":"1","_edit_lock":"1777280126:1","_wpb_post_custom_layout":null,"rank_math_internal_links_processed":null,"footnotes":null,"_wp_old_date":"2026-04-27","_aioseo_title":"#post_title","_aioseo_description":"APCEspa\u00f1a respalda el Plan Estatal de Vivienda 2026-2030, aunque reclama seguridad jur\u00eddica y menos trabas para impulsar vivienda protegida y alquiler asequible","_aioseo_keywords":[],"_aioseo_og_title":"","_aioseo_og_description":"","_aioseo_og_article_section":"","_aioseo_og_article_tags":[],"_aioseo_twitter_title":"","_aioseo_twitter_description":"","_cdp_origin":null,"_cdp_origin_site":null,"_cdp_origin_title":null,"_cdp_counter":null,"cmplz_hide_cookiebanner":null,"_links":{"self":[{"href":"https:\/\/www.habitatinsulae.es\/ca\/wp-json\/wp\/v2\/posts\/15607","targetHints":{"allow":["GET"]}}],"collection":[{"href":"https:\/\/www.habitatinsulae.es\/ca\/wp-json\/wp\/v2\/posts"}],"about":[{"href":"https:\/\/www.habitatinsulae.es\/ca\/wp-json\/wp\/v2\/types\/post"}],"author":[{"embeddable":true,"href":"https:\/\/www.habitatinsulae.es\/ca\/wp-json\/wp\/v2\/users\/3"}],"replies":[{"embeddable":true,"href":"https:\/\/www.habitatinsulae.es\/ca\/wp-json\/wp\/v2\/comments?post=15607"}],"version-history":[{"count":1,"href":"https:\/\/www.habitatinsulae.es\/ca\/wp-json\/wp\/v2\/posts\/15607\/revisions"}],"predecessor-version":[{"id":15610,"href":"https:\/\/www.habitatinsulae.es\/ca\/wp-json\/wp\/v2\/posts\/15607\/revisions\/15610"}],"wp:featuredmedia":[{"embeddable":true,"href":"https:\/\/www.habitatinsulae.es\/ca\/wp-json\/wp\/v2\/media\/15608"}],"wp:attachment":[{"href":"https:\/\/www.habitatinsulae.es\/ca\/wp-json\/wp\/v2\/media?parent=15607"}],"wp:term":[{"taxonomy":"category","embeddable":true,"href":"https:\/\/www.habitatinsulae.es\/ca\/wp-json\/wp\/v2\/categories?post=15607"},{"taxonomy":"post_tag","embeddable":true,"href":"https:\/\/www.habitatinsulae.es\/ca\/wp-json\/wp\/v2\/tags?post=15607"}],"curies":[{"name":"wp","href":"https:\/\/api.w.org\/{rel}","templated":true}]}}