




{"id":15473,"date":"2026-03-16T14:44:22","date_gmt":"2026-03-16T12:44:22","guid":{"rendered":"https:\/\/www.habitatinsulae.es\/?p=15473"},"modified":"2026-03-16T14:49:52","modified_gmt":"2026-03-16T12:49:52","slug":"vivienda-y-movilidad-en-caldas-transportes-revisa-la-n-640","status":"publish","type":"post","link":"https:\/\/www.habitatinsulae.es\/ca\/vivienda-y-movilidad-en-caldas-transportes-revisa-la-n-640\/","title":{"rendered":"Vivienda y movilidad en Caldas: Transportes revisa la N-640"},"content":{"rendered":"<p>El Ministerio de Transportes y Movilidad Sostenible anular\u00e1 el proyecto de la Variante Oeste de la N-640 en Caldas de Reis. As\u00ed pues, abrir\u00e1 una nueva fase para estudiar una soluci\u00f3n alternativa. La decisi\u00f3n busca mejorar la circulaci\u00f3n y la seguridad vial sin provocar grandes afecciones sobre el territorio. Eso s\u00ed, teniendo en cuenta el entorno de la <strong>vivienda<\/strong> en el municipio.<\/p>\n<p>La decisi\u00f3n fue trasladada por el delegado del Gobierno en Galicia, Pedro Blanco, al alcalde de Caldas de Reis, Jacobo P\u00e9rez. As\u00ed como a representantes de plataformas vecinales contrarias a la actuaci\u00f3n. Seg\u00fan explic\u00f3, el Ejecutivo opta por reformular la intervenci\u00f3n tras el amplio rechazo social e institucional manifestado durante la tramitaci\u00f3n p\u00fablica.<\/p>\n<h2>La vivienda y el rechazo vecinal frenan la variante<\/h2>\n<p>Durante el proceso de informaci\u00f3n p\u00fablica, el proyecto recibi\u00f3 unas 6.000 alegaciones. Una cifra que evidenci\u00f3 la contestaci\u00f3n social a la variante prevista. El Gobierno interpreta ese volumen de objeciones como una se\u00f1al clara de oposici\u00f3n. Siendo estas procedentes de vecinos e instituciones locales, que reclamaban una soluci\u00f3n menos lesiva para el entorno urbano y residencial.<\/p>\n<p>Para completar el procedimiento administrativo, el Ayuntamiento de Caldas de Reis deber\u00e1 formalizar su rechazo mediante un acuerdo plenario. Ese documento tendr\u00e1 que remitirse posteriormente a la Secretar\u00eda de Estado de Transportes para cerrar oficialmente la anulaci\u00f3n del proyecto.<\/p>\n<p>En este contexto, la reformulaci\u00f3n de la actuaci\u00f3n tambi\u00e9n se enmarca en un debate m\u00e1s amplio sobre c\u00f3mo compatibilizar infraestructuras, calidad urbana y protecci\u00f3n del espacio ligado a la <a href=\"https:\/\/www.habitatinsulae.es\/ca\/genivs\/\" target=\"_blank\" rel=\"noopener\">vivienda<\/a>, especialmente en municipios que buscan un desarrollo m\u00e1s equilibrado y sostenible.<\/p>\n<h2>Otra alternativa para la vivienda y la seguridad vial en Caldas<\/h2>\n<p>Pedro Blanco subray\u00f3 que esta decisi\u00f3n no implica renunciar a mejorar la movilidad en la comarca. Al contrario, abre una nueva etapa para encontrar una propuesta que permita desviar el tr\u00e1fico del n\u00facleo urbano de Caldas de Reis, reduciendo los problemas de circulaci\u00f3n y reforzando la seguridad vial sin repetir el impacto territorial de la variante descartada.<\/p>\n<p>La futura alternativa deber\u00e1 responder a una doble exigencia:<br \/>\n&#8211; aliviar el paso de veh\u00edculos por el centro urbano y<br \/>\n&#8211; preservar mejor el tejido local. Incluidas las zonas pr\u00f3ximas a la <strong>vivienda protegida<\/strong>, los servicios y los espacios de convivencia ciudadana.<br \/>\nEsa visi\u00f3n conecta con modelos de <a href=\"https:\/\/www.habitatinsulae.es\/ca\/impacto-social\/\" target=\"_blank\" rel=\"noopener\">inversi\u00f3n social<\/a> que priorizan actuaciones con menor huella territorial y mayor beneficio comunitario.<\/p>\n<p>El delegado del Gobierno agradeci\u00f3 adem\u00e1s el trabajo del alcalde por trasladar las preocupaciones vecinales y defender una postura compartida. A su juicio, escuchar a la ciudadan\u00eda permite adoptar decisiones m\u00e1s ajustadas al inter\u00e9s general.<\/p>\n<h2>Movilidad urbana, j\u00f3venes y alquiler asequible en el centro del debate<\/h2>\n<p>Esta anulaci\u00f3n reabre el debate sobre el crecimiento local y sobre c\u00f3mo las infraestructuras condicionan la vida de los vecinos. En municipios de tama\u00f1o medio, la ordenaci\u00f3n del tr\u00e1fico, el acceso a servicios y la calidad del entorno son factores estrechamente vinculados a:<br \/>\n&#8211; la atracci\u00f3n de poblaci\u00f3n,<br \/>\n&#8211; el bienestar de los <strong>j\u00f3venes<br \/>\n<\/strong>&#8211; la consolidaci\u00f3n de opciones de <strong>alquiler asequible<\/strong><\/p>\n<p>En esa l\u00ednea, proyectos de regeneraci\u00f3n urbana y estrategias centradas en la <a href=\"https:\/\/www.habitatinsulae.es\/ca\/vivienda-joven\/\" target=\"_blank\" rel=\"noopener\">vivienda joven<\/a> ganan peso frente a soluciones de gran impacto territorial. La clave, ahora, ser\u00e1 definir una alternativa viable que combine fluidez del tr\u00e1fico, menor presi\u00f3n sobre el casco urbano y una integraci\u00f3n m\u00e1s respetuosa con el municipio.<\/p>\n<p>Puede consultarse informaci\u00f3n institucional relacionada en el <a href=\"https:\/\/www.transportes.gob.es\/\" target=\"_blank\" rel=\"noopener\">Ministerio de Transportes y Movilidad Sostenible<\/a>.<\/p>\n<div id=\"attachment_15475\" style=\"width: 970px\" class=\"wp-caption aligncenter\"><img decoding=\"async\" aria-describedby=\"caption-attachment-15475\" class=\"wp-image-15475 size-full\" src=\"https:\/\/www.habitatinsulae.es\/wp-content\/uploads\/2026\/03\/Ruta_Auga_Caldas_de_Reis.jpg\" alt=\"Cascada de Segade en el r\u00edo Umia, Caldas de Reis. Fuente: Wikimedia Commons. \" width=\"960\" height=\"720\" srcset=\"https:\/\/www.habitatinsulae.es\/wp-content\/uploads\/2026\/03\/Ruta_Auga_Caldas_de_Reis.jpg 960w, https:\/\/www.habitatinsulae.es\/wp-content\/uploads\/2026\/03\/Ruta_Auga_Caldas_de_Reis-300x225.jpg 300w, https:\/\/www.habitatinsulae.es\/wp-content\/uploads\/2026\/03\/Ruta_Auga_Caldas_de_Reis-768x576.jpg 768w, https:\/\/www.habitatinsulae.es\/wp-content\/uploads\/2026\/03\/Ruta_Auga_Caldas_de_Reis-16x12.jpg 16w\" sizes=\"(max-width: 960px) 100vw, 960px\" \/><p id=\"caption-attachment-15475\" class=\"wp-caption-text\">Cascada de Segade en el r\u00edo Umia, Caldas de Reis. Fuente: Wikimedia Commons.<\/p><\/div>\n<p><strong>Fuente:<\/strong> Europa Press<\/p>","protected":false},"excerpt":{"rendered":"<p>El Ministerio de Transportes y Movilidad Sostenible anular\u00e1 el proyecto de la Variante Oeste de la N-640 en Caldas de Reis. As\u00ed pues, abrir\u00e1 una nueva fase para estudiar una soluci\u00f3n alternativa. La decisi\u00f3n busca mejorar la circulaci\u00f3n y la seguridad vial sin provocar grandes afecciones sobre el territorio. Eso s\u00ed, teniendo en cuenta el<\/p>","protected":false},"author":3,"featured_media":15474,"comment_status":"open","ping_status":"open","sticky":false,"template":"","format":"standard","meta":{"footnotes":""},"categories":[2,3],"tags":[],"class_list":["post-15473","post","type-post","status-publish","format-standard","has-post-thumbnail","hentry","category-actualidad","category-vivienda"],"aioseo_notices":[],"_wp_attached_file":null,"_wp_attachment_metadata":null,"cmsmasters_profile_title":null,"cmsmasters_profile_details_title":null,"cmsmasters_profile_social":null,"cmsmasters_profile_features":null,"cmsmasters_profile_features_one":null,"cmsmasters_profile_features_two":null,"cmsmasters_profile_features_three":null,"cmsmasters_profile_sharing_box":null,"cmsmasters_profile_read_more":null,"cmsmasters_profile_subtitle":null,"cmsmasters_profile_featured_image":null,"cmsmasters_project_columns":null,"cmsmasters_project_video_type":null,"cmsmasters_project_video_links":null,"cmsmasters_project_title":null,"cmsmasters_project_size":null,"cmsmasters_project_details_title":null,"cmsmasters_project_features":null,"cmsmasters_project_link_text":null,"cmsmasters_project_link_redirect":null,"cmsmasters_project_link_target":null,"cmsmasters_project_features_one":null,"cmsmasters_project_features_two":null,"cmsmasters_project_features_three":null,"cmsmasters_project_sharing_box":null,"cmsmasters_project_author_box":null,"cmsmasters_project_more_posts":null,"cmsmasters_project_project_options":null,"cmsmasters_project_read_more":null,"cmsmasters_project_images":null,"cmsmasters_project_image_show":null,"_oembed_b1ccef4f7d7ec9ee9f363a917754e485":null,"_oembed_time_b1ccef4f7d7ec9ee9f363a917754e485":null,"_oembed_94f7d3c89c139230786a25858f781fe7":null,"_oembed_time_94f7d3c89c139230786a25858f781fe7":null,"_oembed_0902e555d5b62bccd72f45d83d98b16e":null,"_oembed_time_0902e555d5b62bccd72f45d83d98b16e":null,"cmsmasters_project_puzzle_image":null,"_wp_attachment_context":null,"_eael_custom_js":null,"_menu_item_type":null,"_menu_item_menu_item_parent":null,"_menu_item_object_id":null,"_menu_item_object":null,"_menu_item_target":null,"_menu_item_classes":null,"_menu_item_xfn":null,"_menu_item_url":null,"_wp_page_template":null,"_wpb_vc_js_interface_version":null,"vc_teaser":null,"_post_restored_from":null,"pressroom_review_average":null,"before_widget":null,"after_widget":null,"before_title":null,"after_title":null,"hidden":null,"_wp_attachment_image_alt":null,"rank_math_primary_category":null,"rank_math_seo_score":null,"rank_math_contentai_score":null,"rank_math_title":null,"rank_math_schema_article":null,"rank_math_shortcode_schema_s-687fa54b292b3":null,"rank_math_description":null,"rank_math_focus_keyword":null,"om_disable_all_campaigns":null,"original-file":null,"smush-complete":null,"smush-info":null,"smush-stats":null,"_monsterinsights_sitenote_active":null,"_yoast_wpseo_primary_category":null,"_yoast_wpseo_content_score":null,"_yoast_wpseo_estimated-reading-time-minutes":null,"_yoast_wpseo_metadesc":null,"_cmplz_scanned_post":null,"_aioseop_title":null,"_aioseop_description":null,"_aioseop_keywords":null,"_wpb_post_custom_seo_settings":null,"_wpb_post_custom_css":null,"enclosure":null,"_oembed_917c769c7dbf5d57ddaf9c4330ca4b4f":null,"_elementor_edit_mode":null,"_elementor_template_type":null,"cmsmasters_shortcodes_custom_css":null,"cmsmasters_post_image_show":null,"cmsmasters_post_image_link":null,"cmsmasters_post_images":null,"cmsmasters_post_video_type":null,"cmsmasters_post_video_link":null,"cmsmasters_post_video_links":null,"cmsmasters_post_audio_links":null,"cmsmasters_post_title":null,"cmsmasters_post_sharing_box":null,"cmsmasters_post_author_box":null,"cmsmasters_post_more_posts":null,"cmsmasters_post_read_more":null,"cmsmasters_page_scheme":null,"cmsmasters_layout":null,"cmsmasters_sidebar_id":null,"cmsmasters_bottom_sidebar":null,"cmsmasters_bottom_sidebar_id":null,"cmsmasters_bottom_sidebar_layout":null,"cmsmasters_bg_default":null,"cmsmasters_bg_col":null,"cmsmasters_bg_img_enable":null,"cmsmasters_bg_img":null,"cmsmasters_bg_rep":null,"cmsmasters_bg_pos":null,"cmsmasters_bg_att":null,"cmsmasters_bg_size":null,"cmsmasters_heading":null,"cmsmasters_heading_title":null,"cmsmasters_heading_subtitle":null,"cmsmasters_heading_icon":null,"cmsmasters_heading_alignment":null,"cmsmasters_heading_scheme":null,"cmsmasters_heading_bg_img_enable":null,"cmsmasters_heading_bg_img":null,"cmsmasters_heading_bg_rep":null,"cmsmasters_heading_bg_att":null,"cmsmasters_heading_bg_size":null,"cmsmasters_heading_bg_color":null,"cmsmasters_heading_height":null,"cmsmasters_breadcrumbs":null,"cmsmasters_composer_show":null,"cmsmasters_gutenberg_show":null,"cmsmasters_composer_fullscreen":null,"slide_template":null,"_wp_old_slug":null,"cmsmasters_likes":null,"_thumbnail_id":"15474","_elementor_version":null,"_elementor_pro_version":null,"_elementor_data":null,"_wpb_vc_editor_type":"classic","_wpb_vc_js_status":null,"pressroom_primary_category":"-","pressroom_featured_caption":"","pressroom_featured_caption_author":"","pressroom_video_url":"","pressroom_post_url":"","pressroom_quote_text":"","pressroom_quote_author":"","pressroom_audio_url":"","social_icon_type":[],"social_icon_url":["","","",""],"social_icon_target":["same_window","same_window","same_window","same_window"],"pressroom_attachment_ids":["","",""],"pressroom_images":[],"pressroom_images_titles":["","",""],"pressroom_images_descriptions":["","",""],"pressroom_videos":["","",""],"pressroom_iframes":["","",""],"pressroom_is_review":"no","pressroom_points_scale":"","pressroom_review_label":[],"pressroom_review_value":[],"pressroom_review_title":"","pressroom_review_description":"","page_sidebar_header":"","page_sidebar_top":"","page_sidebar_right":"","page_sidebar_footer_top":"","page_sidebar_footer_bottom":"","pressroom_page_sidebars":[],"_vc_post_settings":null,"post_views_count":"145","_edit_last":"1","_edit_lock":"1773665392:1","_wpb_post_custom_layout":null,"rank_math_internal_links_processed":null,"footnotes":null,"_wp_old_date":"2026-03-13","_aioseo_title":"#post_title","_aioseo_description":"El Ministerio anular\u00e1 la variante oeste de la N-640 en Caldas de Reis y buscar\u00e1 una alternativa que proteja la vivienda y mejore la movilidad.","_aioseo_keywords":[],"_aioseo_og_title":"","_aioseo_og_description":"","_aioseo_og_article_section":"","_aioseo_og_article_tags":[],"_aioseo_twitter_title":"","_aioseo_twitter_description":"","_cdp_origin":null,"_cdp_origin_site":null,"_cdp_origin_title":null,"_cdp_counter":null,"cmplz_hide_cookiebanner":null,"_links":{"self":[{"href":"https:\/\/www.habitatinsulae.es\/ca\/wp-json\/wp\/v2\/posts\/15473","targetHints":{"allow":["GET"]}}],"collection":[{"href":"https:\/\/www.habitatinsulae.es\/ca\/wp-json\/wp\/v2\/posts"}],"about":[{"href":"https:\/\/www.habitatinsulae.es\/ca\/wp-json\/wp\/v2\/types\/post"}],"author":[{"embeddable":true,"href":"https:\/\/www.habitatinsulae.es\/ca\/wp-json\/wp\/v2\/users\/3"}],"replies":[{"embeddable":true,"href":"https:\/\/www.habitatinsulae.es\/ca\/wp-json\/wp\/v2\/comments?post=15473"}],"version-history":[{"count":1,"href":"https:\/\/www.habitatinsulae.es\/ca\/wp-json\/wp\/v2\/posts\/15473\/revisions"}],"predecessor-version":[{"id":15476,"href":"https:\/\/www.habitatinsulae.es\/ca\/wp-json\/wp\/v2\/posts\/15473\/revisions\/15476"}],"wp:featuredmedia":[{"embeddable":true,"href":"https:\/\/www.habitatinsulae.es\/ca\/wp-json\/wp\/v2\/media\/15474"}],"wp:attachment":[{"href":"https:\/\/www.habitatinsulae.es\/ca\/wp-json\/wp\/v2\/media?parent=15473"}],"wp:term":[{"taxonomy":"category","embeddable":true,"href":"https:\/\/www.habitatinsulae.es\/ca\/wp-json\/wp\/v2\/categories?post=15473"},{"taxonomy":"post_tag","embeddable":true,"href":"https:\/\/www.habitatinsulae.es\/ca\/wp-json\/wp\/v2\/tags?post=15473"}],"curies":[{"name":"wp","href":"https:\/\/api.w.org\/{rel}","templated":true}]}}