




{"id":15459,"date":"2026-03-11T16:17:49","date_gmt":"2026-03-11T14:17:49","guid":{"rendered":"https:\/\/www.habitatinsulae.es\/?p=15459"},"modified":"2026-03-12T19:16:38","modified_gmt":"2026-03-12T17:16:38","slug":"vivienda-protegida-estepona-ofrece-suelo-para-109-vpo","status":"publish","type":"post","link":"https:\/\/www.habitatinsulae.es\/ca\/vivienda-protegida-estepona-ofrece-suelo-para-109-vpo\/","title":{"rendered":"Vivienda protegida: Estepona ofrece suelo para 109 VPO"},"content":{"rendered":"<p>El Ayuntamiento de Estepona ha decidido poner a disposici\u00f3n del Gobierno de Espa\u00f1a seis parcelas municipales. Todas estas con capacidad para levantar 109 inmuebles de <strong>vivienda protegida<\/strong>. La iniciativa, que ser\u00e1 elevada al Pleno municipal de marzo, busca facilitar la ejecuci\u00f3n de nuevas promociones residenciales. Eso s\u00ed, en un contexto de impulso p\u00fablico a la <strong>vivienda<\/strong> y al desarrollo de f\u00f3rmulas de <strong>alquiler asequible<\/strong>.<\/p>\n<p>Los suelos seleccionados se localizan en zonas como Casas del Padr\u00f3n, Llanos de la Boladilla y Camino de Cortes. Seg\u00fan ha explicado el Consistorio, estos terrenos cuentan con usos compatibles con proyectos de <strong>vivienda protegida. <\/strong>Lo que permitir\u00eda agilizar su eventual incorporaci\u00f3n a planes estatales orientados a ampliar la oferta residencial.<\/p>\n<h2>VPO: seis parcelas para 109 inmuebles<\/h2>\n<p>La propuesta municipal llega tras el anuncio del Ejecutivo central. El cual moviliza hasta 23.000 millones de euros, p\u00fablicos y privados, para reforzar la oferta de <strong>vivienda<\/strong> en Espa\u00f1a. Dentro de esa estrategia se contempla la financiaci\u00f3n de 15.000 unidades al a\u00f1o a trav\u00e9s del fondo estatal <em>Espa\u00f1a Crece. <\/em>Una medida que distintos ayuntamientos observan como una oportunidad para incorporar suelo disponible a futuros desarrollos.<\/p>\n<p>El alcalde de Estepona, <strong>Jos\u00e9 Mar\u00eda Garc\u00eda Urbano<\/strong>, ha defendido que la cesi\u00f3n de estas parcelas responde al principio de colaboraci\u00f3n entre administraciones. Adem\u00e1s, pretende facilitar que el municipio pueda beneficiarse de los programas de construcci\u00f3n anunciados por el Gobierno. El objetivo, ha se\u00f1alado el regidor, es simplificar la tramitaci\u00f3n para que la ciudad pueda participar en ese despliegue de nueva <strong>vivienda protegida<\/strong>.<\/p>\n<p>En detalle, la bolsa de suelo municipal incluye dos parcelas en Casas del Padr\u00f3n, con capacidad para 22 y 23 viviendas; otras dos en Llanos de la Boladilla, para 9 y 17 unidades; y dos m\u00e1s en Camino de Cortes, donde podr\u00edan construirse 17 y 21 inmuebles. En conjunto, estos seis espacios sumar\u00edan 109 VPO.<\/p>\n<h2>Vivienda y alquiler asequible: el plan local para j\u00f3venes y familias<\/h2>\n<p>La cesi\u00f3n anunciada forma parte de una estrategia m\u00e1s amplia del Ayuntamiento para ampliar el parque residencial protegido. El equipo de gobierno sostiene que desde 2011 ha situado entre sus prioridades el acceso a la <strong>vivienda. <\/strong>En especial para personas con mayores dificultades, una l\u00ednea de actuaci\u00f3n que ya se materializ\u00f3 con la entrega de un centenar de viviendas de protecci\u00f3n oficial en la zona de Juan Ben\u00edtez.<\/p>\n<p>Actualmente, el municipio trabaja en nuevos mecanismos con los que prev\u00e9 superar las 1.200 viviendas protegidas en distintas fases. Entre las actuaciones m\u00e1s inmediatas figura la futura licitaci\u00f3n de cuatro parcelas para desarrollar 200 viviendas p\u00fablicas en r\u00e9gimen de alquiler. Estos inmuebles, repartidos entre el este y el oeste de Estepona, estar\u00e1n orientados a ofrecer un <strong>alquiler asequible<\/strong> a <strong>j\u00f3venes<\/strong> y vecinos con menos recursos.<\/p>\n<p>A ello se suman dos proyectos en Camino de Cortes que elevar\u00edan a\u00fan m\u00e1s la oferta local. Por un lado, ya se tramitan licencias para ejecutar 117 viviendas protegidas en Camino de Cortes Sur. Por otro, el Ayuntamiento ultima el pliego para licitar otras dos parcelas en Camino de Cortes Norte con capacidad para 199 VPO adicionales.<\/p>\n<h2>Vivienda protegida y suelo p\u00fablico: el marco andaluz que acelera proyectos<\/h2>\n<p>La hoja de ruta local tambi\u00e9n se apoya en el Decreto-Ley 1\/2025 de medidas urgentes. Sobre todo en materia de vivienda de la Junta de Andaluc\u00eda. Gracias a este marco normativo, el Pleno municipal aprob\u00f3 por unanimidad la compatibilidad de uso en 36 parcelas p\u00fablicas para permitir la construcci\u00f3n de <strong>vivienda protegida<\/strong> en alquiler, incluso en terrenos de equipamiento que hasta ahora no ten\u00edan uso residencial.<\/p>\n<p>Esta f\u00f3rmula reduce tiempos administrativos al evitar modificaciones del planeamiento urban\u00edstico. Tambi\u00e9n abre la puerta a una ejecuci\u00f3n m\u00e1s r\u00e1pida de promociones con vocaci\u00f3n social. Desde abril, cuando Estepona se adhiri\u00f3 a la iniciativa auton\u00f3mica, los t\u00e9cnicos municipales han analizado los suelos disponibles conforme a los par\u00e1metros del PGOU. El resultado es una capacidad estimada de hasta 738 viviendas en parcelas repartidas por el t\u00e9rmino municipal.<\/p>\n<p>Dentro de ese conjunto figuran precisamente los seis terrenos que ahora se ofrecen al Ejecutivo central. La operaci\u00f3n refuerza la idea de utilizar el suelo p\u00fablico como palanca de <strong>inversi\u00f3n social. <\/strong>Pero con el foco puesto en:<\/p>\n<p>&#8211; aumentar la oferta de <strong>vivienda protegida<\/strong><br \/>\n&#8211; responder a la presi\u00f3n del mercado<br \/>\n&#8211; mejorar el acceso residencial en municipios con elevada demanda<\/p>\n<div id=\"attachment_15461\" style=\"width: 1546px\" class=\"wp-caption aligncenter\"><img decoding=\"async\" aria-describedby=\"caption-attachment-15461\" class=\"wp-image-15461 size-full\" src=\"https:\/\/www.habitatinsulae.es\/wp-content\/uploads\/2026\/03\/ed21bbb4-5784-49da-aca3-3d9a34c023ed.jpg\" alt=\"Parcelas municipales de Estepona destinadas a nueva vivienda protegida y alquiler asequible para j\u00f3venes y familias. \" width=\"1536\" height=\"1024\" srcset=\"https:\/\/www.habitatinsulae.es\/wp-content\/uploads\/2026\/03\/ed21bbb4-5784-49da-aca3-3d9a34c023ed.jpg 1536w, https:\/\/www.habitatinsulae.es\/wp-content\/uploads\/2026\/03\/ed21bbb4-5784-49da-aca3-3d9a34c023ed-300x200.jpg 300w, https:\/\/www.habitatinsulae.es\/wp-content\/uploads\/2026\/03\/ed21bbb4-5784-49da-aca3-3d9a34c023ed-1024x683.jpg 1024w, https:\/\/www.habitatinsulae.es\/wp-content\/uploads\/2026\/03\/ed21bbb4-5784-49da-aca3-3d9a34c023ed-768x512.jpg 768w, https:\/\/www.habitatinsulae.es\/wp-content\/uploads\/2026\/03\/ed21bbb4-5784-49da-aca3-3d9a34c023ed-18x12.jpg 18w, https:\/\/www.habitatinsulae.es\/wp-content\/uploads\/2026\/03\/ed21bbb4-5784-49da-aca3-3d9a34c023ed-787x524.jpg 787w\" sizes=\"(max-width: 1536px) 100vw, 1536px\" \/><p id=\"caption-attachment-15461\" class=\"wp-caption-text\">Parcelas municipales de Estepona destinadas a nueva vivienda protegida y alquiler asequible para j\u00f3venes y familias<\/p><\/div>\n<p>Para ampliar informaci\u00f3n sobre iniciativas vinculadas a <a href=\"https:\/\/www.habitatinsulae.es\/ca\/genivs\/\" target=\"_blank\" rel=\"noopener\">GENIVS INSULAE<\/a>, modelos de <a href=\"https:\/\/www.habitatinsulae.es\/ca\/impacto-social\/\" target=\"_blank\" rel=\"noopener\">inversi\u00f3n social<\/a> y soluciones enfocadas en <a href=\"https:\/\/www.habitatinsulae.es\/ca\/vivienda-joven\/\" target=\"_blank\" rel=\"noopener\">vivienda para j\u00f3venes<\/a>, pueden consultarse los recursos especializados disponibles. Tambi\u00e9n puede revisarse el contexto institucional en la <a href=\"https:\/\/www.lamoncloa.gob.es\/\" target=\"_blank\" rel=\"noopener\">informaci\u00f3n del Gobierno de Espa\u00f1a<\/a> y en la <a href=\"https:\/\/www.juntadeandalucia.es\/\" target=\"_blank\" rel=\"noopener\">Junta de Andaluc\u00eda<\/a>.<\/p>\n<p><strong>Fuente:<\/strong> Europa Press<\/p>","protected":false},"excerpt":{"rendered":"<p>El Ayuntamiento de Estepona ceder\u00e1 seis parcelas municipales al Gobierno central para facilitar la construcci\u00f3n de 109 viviendas protegidas. La medida se integra en un plan local y auton\u00f3mico para ampliar la oferta de alquiler asequible, especialmente para j\u00f3venes y colectivos con menos recursos.<\/p>","protected":false},"author":3,"featured_media":15460,"comment_status":"open","ping_status":"open","sticky":false,"template":"","format":"standard","meta":{"footnotes":""},"categories":[2,96,3],"tags":[179,220,193,145],"class_list":["post-15459","post","type-post","status-publish","format-standard","has-post-thumbnail","hentry","category-actualidad","category-politica","category-vivienda","tag-alquiler-asequible","tag-malaga","tag-politicas-publicas","tag-vivienda"],"aioseo_notices":[],"_wp_attached_file":null,"_wp_attachment_metadata":null,"cmsmasters_profile_title":null,"cmsmasters_profile_details_title":null,"cmsmasters_profile_social":null,"cmsmasters_profile_features":null,"cmsmasters_profile_features_one":null,"cmsmasters_profile_features_two":null,"cmsmasters_profile_features_three":null,"cmsmasters_profile_sharing_box":null,"cmsmasters_profile_read_more":null,"cmsmasters_profile_subtitle":null,"cmsmasters_profile_featured_image":null,"cmsmasters_project_columns":null,"cmsmasters_project_video_type":null,"cmsmasters_project_video_links":null,"cmsmasters_project_title":null,"cmsmasters_project_size":null,"cmsmasters_project_details_title":null,"cmsmasters_project_features":null,"cmsmasters_project_link_text":null,"cmsmasters_project_link_redirect":null,"cmsmasters_project_link_target":null,"cmsmasters_project_features_one":null,"cmsmasters_project_features_two":null,"cmsmasters_project_features_three":null,"cmsmasters_project_sharing_box":null,"cmsmasters_project_author_box":null,"cmsmasters_project_more_posts":null,"cmsmasters_project_project_options":null,"cmsmasters_project_read_more":null,"cmsmasters_project_images":null,"cmsmasters_project_image_show":null,"_oembed_b1ccef4f7d7ec9ee9f363a917754e485":null,"_oembed_time_b1ccef4f7d7ec9ee9f363a917754e485":null,"_oembed_94f7d3c89c139230786a25858f781fe7":null,"_oembed_time_94f7d3c89c139230786a25858f781fe7":null,"_oembed_0902e555d5b62bccd72f45d83d98b16e":null,"_oembed_time_0902e555d5b62bccd72f45d83d98b16e":null,"cmsmasters_project_puzzle_image":null,"_wp_attachment_context":null,"_eael_custom_js":null,"_menu_item_type":null,"_menu_item_menu_item_parent":null,"_menu_item_object_id":null,"_menu_item_object":null,"_menu_item_target":null,"_menu_item_classes":null,"_menu_item_xfn":null,"_menu_item_url":null,"_wp_page_template":null,"_wpb_vc_js_interface_version":null,"vc_teaser":null,"_post_restored_from":null,"pressroom_review_average":null,"before_widget":null,"after_widget":null,"before_title":null,"after_title":null,"hidden":null,"_wp_attachment_image_alt":null,"rank_math_primary_category":null,"rank_math_seo_score":null,"rank_math_contentai_score":null,"rank_math_title":null,"rank_math_schema_article":null,"rank_math_shortcode_schema_s-687fa54b292b3":null,"rank_math_description":null,"rank_math_focus_keyword":null,"om_disable_all_campaigns":null,"original-file":null,"smush-complete":null,"smush-info":null,"smush-stats":null,"_monsterinsights_sitenote_active":null,"_yoast_wpseo_primary_category":null,"_yoast_wpseo_content_score":null,"_yoast_wpseo_estimated-reading-time-minutes":null,"_yoast_wpseo_metadesc":null,"_cmplz_scanned_post":null,"_aioseop_title":null,"_aioseop_description":null,"_aioseop_keywords":null,"_wpb_post_custom_seo_settings":null,"_wpb_post_custom_css":null,"enclosure":null,"_oembed_917c769c7dbf5d57ddaf9c4330ca4b4f":null,"_elementor_edit_mode":null,"_elementor_template_type":null,"cmsmasters_shortcodes_custom_css":null,"cmsmasters_post_image_show":null,"cmsmasters_post_image_link":null,"cmsmasters_post_images":null,"cmsmasters_post_video_type":null,"cmsmasters_post_video_link":null,"cmsmasters_post_video_links":null,"cmsmasters_post_audio_links":null,"cmsmasters_post_title":null,"cmsmasters_post_sharing_box":null,"cmsmasters_post_author_box":null,"cmsmasters_post_more_posts":null,"cmsmasters_post_read_more":null,"cmsmasters_page_scheme":null,"cmsmasters_layout":null,"cmsmasters_sidebar_id":null,"cmsmasters_bottom_sidebar":null,"cmsmasters_bottom_sidebar_id":null,"cmsmasters_bottom_sidebar_layout":null,"cmsmasters_bg_default":null,"cmsmasters_bg_col":null,"cmsmasters_bg_img_enable":null,"cmsmasters_bg_img":null,"cmsmasters_bg_rep":null,"cmsmasters_bg_pos":null,"cmsmasters_bg_att":null,"cmsmasters_bg_size":null,"cmsmasters_heading":null,"cmsmasters_heading_title":null,"cmsmasters_heading_subtitle":null,"cmsmasters_heading_icon":null,"cmsmasters_heading_alignment":null,"cmsmasters_heading_scheme":null,"cmsmasters_heading_bg_img_enable":null,"cmsmasters_heading_bg_img":null,"cmsmasters_heading_bg_rep":null,"cmsmasters_heading_bg_att":null,"cmsmasters_heading_bg_size":null,"cmsmasters_heading_bg_color":null,"cmsmasters_heading_height":null,"cmsmasters_breadcrumbs":null,"cmsmasters_composer_show":null,"cmsmasters_gutenberg_show":null,"cmsmasters_composer_fullscreen":null,"slide_template":null,"_wp_old_slug":null,"cmsmasters_likes":null,"_thumbnail_id":"15460","_elementor_version":null,"_elementor_pro_version":null,"_elementor_data":null,"_wpb_vc_editor_type":"classic","_wpb_vc_js_status":null,"pressroom_primary_category":"-","pressroom_featured_caption":"","pressroom_featured_caption_author":"","pressroom_video_url":"","pressroom_post_url":"","pressroom_quote_text":"","pressroom_quote_author":"","pressroom_audio_url":"","social_icon_type":[],"social_icon_url":["","","",""],"social_icon_target":["same_window","same_window","same_window","same_window"],"pressroom_attachment_ids":["","",""],"pressroom_images":[],"pressroom_images_titles":["","",""],"pressroom_images_descriptions":["","",""],"pressroom_videos":["","",""],"pressroom_iframes":["","",""],"pressroom_is_review":"no","pressroom_points_scale":"","pressroom_review_label":[],"pressroom_review_value":[],"pressroom_review_title":"","pressroom_review_description":"","page_sidebar_header":"","page_sidebar_top":"","page_sidebar_right":"","page_sidebar_footer_top":"","page_sidebar_footer_bottom":"","pressroom_page_sidebars":[],"_vc_post_settings":null,"post_views_count":"118","_edit_last":"1","_edit_lock":"1773335798:1","_wpb_post_custom_layout":null,"rank_math_internal_links_processed":null,"footnotes":null,"_wp_old_date":null,"_aioseo_title":"#post_title","_aioseo_description":"Estepona ofrece seis parcelas municipales al Gobierno para construir 109 unidades de vivienda protegida y reforzar el alquiler asequible para j\u00f3venes y familias","_aioseo_keywords":[],"_aioseo_og_title":"","_aioseo_og_description":"","_aioseo_og_article_section":"","_aioseo_og_article_tags":[],"_aioseo_twitter_title":"","_aioseo_twitter_description":"","_cdp_origin":null,"_cdp_origin_site":null,"_cdp_origin_title":null,"_cdp_counter":null,"cmplz_hide_cookiebanner":null,"_links":{"self":[{"href":"https:\/\/www.habitatinsulae.es\/ca\/wp-json\/wp\/v2\/posts\/15459","targetHints":{"allow":["GET"]}}],"collection":[{"href":"https:\/\/www.habitatinsulae.es\/ca\/wp-json\/wp\/v2\/posts"}],"about":[{"href":"https:\/\/www.habitatinsulae.es\/ca\/wp-json\/wp\/v2\/types\/post"}],"author":[{"embeddable":true,"href":"https:\/\/www.habitatinsulae.es\/ca\/wp-json\/wp\/v2\/users\/3"}],"replies":[{"embeddable":true,"href":"https:\/\/www.habitatinsulae.es\/ca\/wp-json\/wp\/v2\/comments?post=15459"}],"version-history":[{"count":1,"href":"https:\/\/www.habitatinsulae.es\/ca\/wp-json\/wp\/v2\/posts\/15459\/revisions"}],"predecessor-version":[{"id":15462,"href":"https:\/\/www.habitatinsulae.es\/ca\/wp-json\/wp\/v2\/posts\/15459\/revisions\/15462"}],"wp:featuredmedia":[{"embeddable":true,"href":"https:\/\/www.habitatinsulae.es\/ca\/wp-json\/wp\/v2\/media\/15460"}],"wp:attachment":[{"href":"https:\/\/www.habitatinsulae.es\/ca\/wp-json\/wp\/v2\/media?parent=15459"}],"wp:term":[{"taxonomy":"category","embeddable":true,"href":"https:\/\/www.habitatinsulae.es\/ca\/wp-json\/wp\/v2\/categories?post=15459"},{"taxonomy":"post_tag","embeddable":true,"href":"https:\/\/www.habitatinsulae.es\/ca\/wp-json\/wp\/v2\/tags?post=15459"}],"curies":[{"name":"wp","href":"https:\/\/api.w.org\/{rel}","templated":true}]}}