




{"id":15451,"date":"2026-03-06T19:47:29","date_gmt":"2026-03-06T17:47:29","guid":{"rendered":"https:\/\/www.habitatinsulae.es\/?p=15451"},"modified":"2026-03-06T19:47:30","modified_gmt":"2026-03-06T17:47:30","slug":"barcelona-catalonia-vuelve-a-mipim-con-agenda-inversora","status":"publish","type":"post","link":"https:\/\/www.habitatinsulae.es\/ca\/barcelona-catalonia-vuelve-a-mipim-con-agenda-inversora\/","title":{"rendered":"Barcelona Catalonia vuelve a MIPIM con agenda inversora"},"content":{"rendered":"<p>Barcelona Catalonia volver\u00e1 a MIPIM 2026 con una agenda estrat\u00e9gica orientada a inversores internacionales y dise\u00f1ada para reforzar el posicionamiento de Catalu\u00f1a como uno de los mercados inmobiliarios m\u00e1s din\u00e1micos e institucionales del sur de Europa. La presencia conjunta en la feria, impulsada por Iberian Property, reunir\u00e1 a la Generalitat de Catalunya, a trav\u00e9s de INCAS\u00d2L, al Ayuntamiento de Barcelona y al \u00c1rea Metropolitana de Barcelona en un mismo espacio de promoci\u00f3n territorial y atracci\u00f3n de capital.<\/p>\n<p>El programa se desarrollar\u00e1 los d\u00edas 10, 11 y 12 de marzo en el stand P-1.K50 del Palais des Festivals et des Congr\u00e8s, dentro de MIPIM 2026, que se celebrar\u00e1 en Cannes del 9 al 13 de marzo. M\u00e1s all\u00e1 de la presentaci\u00f3n de activos concretos, la propuesta pondr\u00e1 el foco en una visi\u00f3n integrada del territorio, vinculando vivienda, log\u00edstica, ciencia, retail, oficinas e infraestructuras dentro de una estrategia de desarrollo a largo plazo.<\/p>\n<h2>Una plataforma conjunta para presentar Catalu\u00f1a como destino de inversi\u00f3n<\/h2>\n<p>La participaci\u00f3n de Barcelona Catalonia en MIPIM vuelve a apoyarse en una f\u00f3rmula de colaboraci\u00f3n institucional que busca proyectar una imagen unificada del territorio ante el capital internacional. El objetivo es trasladar al mercado una narrativa s\u00f3lida sobre la capacidad de Catalu\u00f1a y de Barcelona para combinar transformaci\u00f3n urbana, desarrollo de suelo, promoci\u00f3n residencial y crecimiento econ\u00f3mico en un marco estable y competitivo.<\/p>\n<p>La agenda ha sido concebida para responder a una cuesti\u00f3n de fondo que hoy resulta central para los inversores: c\u00f3mo alinear el desarrollo de vivienda, actividad corporativa, ciencia, log\u00edstica y comercio dentro de una estrategia coherente de atracci\u00f3n de capital. Ese enfoque sit\u00faa a la regi\u00f3n no solo como escaparate de proyectos, sino tambi\u00e9n como un ecosistema urbano capaz de ofrecer escala, diversificaci\u00f3n y visi\u00f3n institucional.<\/p>\n<p>Esta lectura encaja con otras din\u00e1micas que est\u00e1n marcando el mercado en Espa\u00f1a y en el sur de Europa, donde el capital valora cada vez m\u00e1s la seguridad urban\u00edstica, la colaboraci\u00f3n p\u00fablico-privada y la capacidad de generar producto adaptado a nuevas demandas. En Habitat Insulae ya hemos abordado este contexto en informaciones como <a href=\"https:\/\/www.habitatinsulae.es\/ca\/espana-lider-en-europa-como-destino-preferido-para-la-inversion-inmobiliaria\/\">Espa\u00f1a, l\u00edder en Europa como destino preferido para la inversi\u00f3n inmobiliaria<\/a> y <a href=\"https:\/\/www.habitatinsulae.es\/ca\/el-capital-mira-a-espana-con-el-living-como-gran-foco-de-inversion\/\">El capital mira a Espa\u00f1a con el living como gran foco de inversi\u00f3n<\/a>.<\/p>\n<h2>Vivienda, oficinas, ciencia y log\u00edstica: los ejes de la agenda de Barcelona Catalonia<\/h2>\n<p>El programa arrancar\u00e1 con una sesi\u00f3n centrada en la transformaci\u00f3n del frente mar\u00edtimo y en la econom\u00eda azul, donde el Port de Barcelona y World Trade Center Barcelona presentar\u00e1n BlueTechPort, un hub de innovaci\u00f3n de 25.000 metros cuadrados orientado a actividades mar\u00edtimas y tecnol\u00f3gicas. La iniciativa aspira a consolidar un nuevo polo de actividad econ\u00f3mica vinculado al ecosistema portuario y a la generaci\u00f3n de empleo especializado.<\/p>\n<p>Otro de los bloques destacados girar\u00e1 en torno al mercado de oficinas y al papel actual del distrito 22@ Barcelona en un contexto de reajuste del ciclo inmobiliario europeo. La mesa analizar\u00e1 cuestiones como la liquidez del mercado, la correcci\u00f3n de precios y la importancia de la certidumbre urban\u00edstica en las decisiones de inversi\u00f3n, con participaci\u00f3n institucional y de firmas como Square Asset Management y Meridia Capital.<\/p>\n<p>La vivienda tendr\u00e1 tambi\u00e9n un papel central dentro del debate metropolitano. Una sesi\u00f3n con representantes p\u00fablicos y privados abordar\u00e1 asuntos como la visibilidad regulatoria, los marcos de alquiler y la capacidad de Barcelona para ofrecer una ecuaci\u00f3n equilibrada entre riesgo y rentabilidad en proyectos residenciales de gran escala. Como complemento, INCAS\u00d2L analizar\u00e1 el encaje de formatos como el PBSA y el flex living en un entorno marcado por los objetivos de asequibilidad y por las limitaciones de oferta.<\/p>\n<p>La agenda dedicar\u00e1 adem\u00e1s un bloque espec\u00edfico a ciencia e innovaci\u00f3n, con el ALBA Synchrotron como uno de los activos de referencia y con el apoyo de Catalonia Trade &amp; Investment. El foco estar\u00e1 en el desarrollo del ecosistema regional de ciencias de la vida y en c\u00f3mo el capital valora factores como la inversi\u00f3n en capex, el riesgo asociado a laboratorios y la necesidad de producto inmobiliario especializado para consolidar Barcelona como polo tecnol\u00f3gico y cient\u00edfico del Mediterr\u00e1neo.<\/p>\n<p>En paralelo, el retail y la log\u00edstica completar\u00e1n una propuesta pensada para mostrar la competitividad econ\u00f3mica del territorio en toda su amplitud. En el \u00e1mbito comercial se debatir\u00e1 sobre turismo, densidad urbana y capacidad de los centros para generar destino, mientras que en log\u00edstica se pondr\u00e1 el foco en la posici\u00f3n de Catalu\u00f1a como gran puerta log\u00edstica del Mediterr\u00e1neo en Espa\u00f1a, con retos ligados a la escasez de suelo, las exigencias ESG y el desarrollo de nuevos corredores m\u00e1s all\u00e1 del primer anillo de Barcelona.<\/p>\n<h2>MIPIM 2026, escaparate para reforzar el relato internacional de Barcelona<\/h2>\n<p>La presencia de Barcelona Catalonia incorporar\u00e1 adem\u00e1s una dimensi\u00f3n comparativa y territorial m\u00e1s amplia con un di\u00e1logo junto a la regi\u00f3n de Greater Lisbon. Este intercambio permitir\u00e1 situar a las ciudades del sur de Europa en un mismo marco de competencia por el talento, la vivienda y el crecimiento apoyado en ecosistemas cient\u00edficos y tecnol\u00f3gicos, dos de los vectores que m\u00e1s pesan hoy en la toma de decisiones de los grandes inversores.<\/p>\n<p>Durante tres jornadas, la delegaci\u00f3n catalana buscar\u00e1 proyectar una visi\u00f3n conjunta del territorio que vaya m\u00e1s all\u00e1 de la promoci\u00f3n puntual de activos. El mensaje de fondo ser\u00e1 que infraestructuras, oferta residencial, concentraci\u00f3n de actividad econ\u00f3mica e inversi\u00f3n institucional forman parte de una misma estrategia de desarrollo urbano y regional con vocaci\u00f3n de largo plazo.<\/p>\n<p>La participaci\u00f3n en MIPIM 2026 refuerza as\u00ed el papel de Barcelona y Catalu\u00f1a dentro del mapa europeo de la inversi\u00f3n inmobiliaria, en un momento en el que las ciudades compiten no solo por captar capital, sino por demostrar capacidad de ejecuci\u00f3n, estabilidad regulatoria y ambici\u00f3n transformadora. Para ampliar contexto, puede consultarse tambi\u00e9n <a href=\"https:\/\/www.habitatinsulae.es\/ca\/navarra-se-suma-a-la-iniciativa-ue-por-vivienda-asequible\/\">Navarra se suma a la iniciativa UE por vivienda asequible<\/a> y <a href=\"https:\/\/www.habitatinsulae.es\/ca\/ico-impulsa-10000-viviendas-sociales-con-550-me\/\">ICO impulsa 10.000 viviendas sociales con 550 M\u20ac<\/a>.<\/p>\n<p><strong>Fuente original:<\/strong> <a href=\"https:\/\/observatorioinmobiliario.es\/noticias\/inversion-inmobiliaria\/barcelona-catalonia-regresa-a-mipim-con-un-programa-para-inversores-impulsado-por-iberian-property-2\/\" target=\"_blank\" rel=\"noopener noreferrer\">Observatorio Inmobiliario &#8211; Barcelona Catalonia regresa a MIPIM con un programa para inversores impulsado por Iberian Property<\/a>.<\/p>","protected":false},"excerpt":{"rendered":"<p>Barcelona Catalonia regresar\u00e1 a MIPIM 2026 con una agenda para inversores impulsada por Iberian Property. La iniciativa reunir\u00e1 a administraciones y capital privado para presentar Catalu\u00f1a como un mercado inmobiliario din\u00e1mico, institucional y competitivo en el sur de Europa.<\/p>","protected":false},"author":3,"featured_media":15453,"comment_status":"open","ping_status":"open","sticky":false,"template":"","format":"standard","meta":{"footnotes":""},"categories":[2,95],"tags":[179,238,212,218,178],"class_list":["post-15451","post","type-post","status-publish","format-standard","has-post-thumbnail","hentry","category-actualidad","category-fonos-inversion-social","tag-alquiler-asequible","tag-politica-municipal","tag-urbanismo","tag-valencia","tag-vivienda-protegida"],"aioseo_notices":[],"_wp_attached_file":null,"_wp_attachment_metadata":null,"cmsmasters_profile_title":null,"cmsmasters_profile_details_title":null,"cmsmasters_profile_social":null,"cmsmasters_profile_features":null,"cmsmasters_profile_features_one":null,"cmsmasters_profile_features_two":null,"cmsmasters_profile_features_three":null,"cmsmasters_profile_sharing_box":null,"cmsmasters_profile_read_more":null,"cmsmasters_profile_subtitle":null,"cmsmasters_profile_featured_image":null,"cmsmasters_project_columns":null,"cmsmasters_project_video_type":null,"cmsmasters_project_video_links":null,"cmsmasters_project_title":null,"cmsmasters_project_size":null,"cmsmasters_project_details_title":null,"cmsmasters_project_features":null,"cmsmasters_project_link_text":null,"cmsmasters_project_link_redirect":null,"cmsmasters_project_link_target":null,"cmsmasters_project_features_one":null,"cmsmasters_project_features_two":null,"cmsmasters_project_features_three":null,"cmsmasters_project_sharing_box":null,"cmsmasters_project_author_box":null,"cmsmasters_project_more_posts":null,"cmsmasters_project_project_options":null,"cmsmasters_project_read_more":null,"cmsmasters_project_images":null,"cmsmasters_project_image_show":null,"_oembed_b1ccef4f7d7ec9ee9f363a917754e485":null,"_oembed_time_b1ccef4f7d7ec9ee9f363a917754e485":null,"_oembed_94f7d3c89c139230786a25858f781fe7":null,"_oembed_time_94f7d3c89c139230786a25858f781fe7":null,"_oembed_0902e555d5b62bccd72f45d83d98b16e":null,"_oembed_time_0902e555d5b62bccd72f45d83d98b16e":null,"cmsmasters_project_puzzle_image":null,"_wp_attachment_context":null,"_eael_custom_js":null,"_menu_item_type":null,"_menu_item_menu_item_parent":null,"_menu_item_object_id":null,"_menu_item_object":null,"_menu_item_target":null,"_menu_item_classes":null,"_menu_item_xfn":null,"_menu_item_url":null,"_wp_page_template":null,"_wpb_vc_js_interface_version":null,"vc_teaser":null,"_post_restored_from":null,"pressroom_review_average":null,"before_widget":null,"after_widget":null,"before_title":null,"after_title":null,"hidden":null,"_wp_attachment_image_alt":null,"rank_math_primary_category":null,"rank_math_seo_score":null,"rank_math_contentai_score":null,"rank_math_title":null,"rank_math_schema_article":null,"rank_math_shortcode_schema_s-687fa54b292b3":null,"rank_math_description":null,"rank_math_focus_keyword":null,"om_disable_all_campaigns":null,"original-file":null,"smush-complete":null,"smush-info":null,"smush-stats":null,"_monsterinsights_sitenote_active":null,"_yoast_wpseo_primary_category":null,"_yoast_wpseo_content_score":null,"_yoast_wpseo_estimated-reading-time-minutes":null,"_yoast_wpseo_metadesc":null,"_cmplz_scanned_post":null,"_aioseop_title":null,"_aioseop_description":null,"_aioseop_keywords":null,"_wpb_post_custom_seo_settings":null,"_wpb_post_custom_css":null,"enclosure":null,"_oembed_917c769c7dbf5d57ddaf9c4330ca4b4f":null,"_elementor_edit_mode":null,"_elementor_template_type":null,"cmsmasters_shortcodes_custom_css":null,"cmsmasters_post_image_show":null,"cmsmasters_post_image_link":null,"cmsmasters_post_images":null,"cmsmasters_post_video_type":null,"cmsmasters_post_video_link":null,"cmsmasters_post_video_links":null,"cmsmasters_post_audio_links":null,"cmsmasters_post_title":null,"cmsmasters_post_sharing_box":null,"cmsmasters_post_author_box":null,"cmsmasters_post_more_posts":null,"cmsmasters_post_read_more":null,"cmsmasters_page_scheme":null,"cmsmasters_layout":null,"cmsmasters_sidebar_id":null,"cmsmasters_bottom_sidebar":null,"cmsmasters_bottom_sidebar_id":null,"cmsmasters_bottom_sidebar_layout":null,"cmsmasters_bg_default":null,"cmsmasters_bg_col":null,"cmsmasters_bg_img_enable":null,"cmsmasters_bg_img":null,"cmsmasters_bg_rep":null,"cmsmasters_bg_pos":null,"cmsmasters_bg_att":null,"cmsmasters_bg_size":null,"cmsmasters_heading":null,"cmsmasters_heading_title":null,"cmsmasters_heading_subtitle":null,"cmsmasters_heading_icon":null,"cmsmasters_heading_alignment":null,"cmsmasters_heading_scheme":null,"cmsmasters_heading_bg_img_enable":null,"cmsmasters_heading_bg_img":null,"cmsmasters_heading_bg_rep":null,"cmsmasters_heading_bg_att":null,"cmsmasters_heading_bg_size":null,"cmsmasters_heading_bg_color":null,"cmsmasters_heading_height":null,"cmsmasters_breadcrumbs":null,"cmsmasters_composer_show":null,"cmsmasters_gutenberg_show":null,"cmsmasters_composer_fullscreen":null,"slide_template":null,"_wp_old_slug":null,"cmsmasters_likes":null,"_thumbnail_id":"15453","_elementor_version":null,"_elementor_pro_version":null,"_elementor_data":null,"_wpb_vc_editor_type":"classic","_wpb_vc_js_status":null,"pressroom_primary_category":"-","pressroom_featured_caption":"","pressroom_featured_caption_author":"","pressroom_video_url":"","pressroom_post_url":"","pressroom_quote_text":"","pressroom_quote_author":"","pressroom_audio_url":"","social_icon_type":[],"social_icon_url":["","","",""],"social_icon_target":["same_window","same_window","same_window","same_window"],"pressroom_attachment_ids":["","",""],"pressroom_images":[],"pressroom_images_titles":["","",""],"pressroom_images_descriptions":["","",""],"pressroom_videos":["","",""],"pressroom_iframes":["","",""],"pressroom_is_review":"no","pressroom_points_scale":"","pressroom_review_label":[],"pressroom_review_value":[],"pressroom_review_title":"","pressroom_review_description":"","page_sidebar_header":"","page_sidebar_top":"","page_sidebar_right":"","page_sidebar_footer_top":"","page_sidebar_footer_bottom":"","pressroom_page_sidebars":[],"_vc_post_settings":null,"post_views_count":"133","_edit_last":"1","_edit_lock":"1772819263:1","_wpb_post_custom_layout":"default","rank_math_internal_links_processed":null,"footnotes":null,"_wp_old_date":"2026-03-06","_aioseo_title":"#post_title","_aioseo_description":"Barcelona Catalonia regresa a MIPIM 2026 con una agenda para inversores centrada en vivienda, log\u00edstica, ciencia y transformaci\u00f3n urbana.","_aioseo_keywords":[],"_aioseo_og_title":"","_aioseo_og_description":"","_aioseo_og_article_section":"","_aioseo_og_article_tags":[],"_aioseo_twitter_title":"","_aioseo_twitter_description":"","_cdp_origin":"15445","_cdp_origin_site":"-1","_cdp_origin_title":" Bruselas consulta medidas para aliviar la vivienda #[Counter]","_cdp_counter":"2","cmplz_hide_cookiebanner":"","_links":{"self":[{"href":"https:\/\/www.habitatinsulae.es\/ca\/wp-json\/wp\/v2\/posts\/15451","targetHints":{"allow":["GET"]}}],"collection":[{"href":"https:\/\/www.habitatinsulae.es\/ca\/wp-json\/wp\/v2\/posts"}],"about":[{"href":"https:\/\/www.habitatinsulae.es\/ca\/wp-json\/wp\/v2\/types\/post"}],"author":[{"embeddable":true,"href":"https:\/\/www.habitatinsulae.es\/ca\/wp-json\/wp\/v2\/users\/3"}],"replies":[{"embeddable":true,"href":"https:\/\/www.habitatinsulae.es\/ca\/wp-json\/wp\/v2\/comments?post=15451"}],"version-history":[{"count":2,"href":"https:\/\/www.habitatinsulae.es\/ca\/wp-json\/wp\/v2\/posts\/15451\/revisions"}],"predecessor-version":[{"id":15455,"href":"https:\/\/www.habitatinsulae.es\/ca\/wp-json\/wp\/v2\/posts\/15451\/revisions\/15455"}],"wp:featuredmedia":[{"embeddable":true,"href":"https:\/\/www.habitatinsulae.es\/ca\/wp-json\/wp\/v2\/media\/15453"}],"wp:attachment":[{"href":"https:\/\/www.habitatinsulae.es\/ca\/wp-json\/wp\/v2\/media?parent=15451"}],"wp:term":[{"taxonomy":"category","embeddable":true,"href":"https:\/\/www.habitatinsulae.es\/ca\/wp-json\/wp\/v2\/categories?post=15451"},{"taxonomy":"post_tag","embeddable":true,"href":"https:\/\/www.habitatinsulae.es\/ca\/wp-json\/wp\/v2\/tags?post=15451"}],"curies":[{"name":"wp","href":"https:\/\/api.w.org\/{rel}","templated":true}]}}