




{"id":15404,"date":"2026-02-26T11:41:48","date_gmt":"2026-02-26T09:41:48","guid":{"rendered":"https:\/\/www.habitatinsulae.es\/?p=15404"},"modified":"2026-03-06T18:46:55","modified_gmt":"2026-03-06T16:46:55","slug":"illa-defiende-frenar-la-compra-especulativa-de-vivienda","status":"publish","type":"post","link":"https:\/\/www.habitatinsulae.es\/ca\/illa-defiende-frenar-la-compra-especulativa-de-vivienda\/","title":{"rendered":"Illa defiende frenar la compra especulativa de vivienda"},"content":{"rendered":"<p>El presidente de la Generalitat, Salvador Illa, asegur\u00f3 que evitar la compra especulativa de <strong>vivienda<\/strong> no pone en riesgo la propiedad privada. Seg\u00fan explic\u00f3, el objetivo del Govern es proteger la funci\u00f3n social de la propiedad y garantizar el acceso a un hogar. Especialmente para quienes tienen m\u00e1s dificultades.<\/p>\n<h2>La vivienda y la funci\u00f3n social de la propiedad<\/h2>\n<p>Illa realiz\u00f3 estas declaraciones durante la firma de un acuerdo de colaboraci\u00f3n con las di\u00f3cesis catalanas.\u00a0 El fin era la cesi\u00f3n de inmuebles de titularidad eclesi\u00e1stica con el fin de impulsar <strong>vivienda social<\/strong>. En ese contexto, defendi\u00f3 que la propiedad privada mantiene su reconocimiento. Pero concret\u00f3 que debe convivir con la necesidad de asegurar el derecho de acceso a la vivienda.<\/p>\n<p>El <em>president<\/em> subray\u00f3 que las medidas que se estudian en Catalunya seguir\u00edan la l\u00ednea de actuaciones aplicadas en otros pa\u00edses europeos.\u00a0 Adem\u00e1s, estas se encuadrar\u00edan en pol\u00edticas p\u00fablicas destinadas a reforzar el parque de <strong>alquiler asequible<\/strong>.<\/p>\n<h2>Compra especulativa de vivienda: el Govern de Illa prepara \u201cnoticias pronto\u201d<\/h2>\n<p>El jefe del Ejecutivo catal\u00e1n indic\u00f3 que el Govern est\u00e1 analizando c\u00f3mo abordar la compra especulativa. Tambi\u00e9n avanz\u00f3 que esperan poder comunicar novedades \u201cpronto\u201d. El debate se reactiv\u00f3 tras conocerse, el s\u00e1bado 14 de febrero, los informes solicitados por la Generalitat. Estos concluyen que prohibir este tipo de operaciones ser\u00eda viable y compatible con la Constituci\u00f3n.<\/p>\n<h2>Presupuestos 2026, vivienda protegida y el papel de los Comuns<\/h2>\n<p>La prohibici\u00f3n de la compra especulativa es una de las condiciones de los Comuns para apoyar los Presupuestos catalanes de 2026. Tras la publicaci\u00f3n de los informes, la presidenta del grupo en el Parlament, J\u00e9ssica Albiach, reclam\u00f3 \u201cvalent\u00eda y voluntad pol\u00edtica\u201d para poner en marcha la medida.<\/p>\n<p>Paralelamente, el Govern mantiene abierta la v\u00eda para ampliar la oferta de <strong>vivienda protegida<\/strong> y social. En el \u00e1mbito europeo, iniciativas orientadas a movilizar <strong>fondo europeo <\/strong>para vivienda asequible est\u00e1n en el centro del debate. Todo esto con el foco en colectivos como los <strong>j\u00f3venes<\/strong> y los hogares con menor capacidad de pago.<\/p>\n<p>En esa l\u00ednea, proyectos de <strong>inversi\u00f3n social<\/strong> vinculados a la vivienda pueden aportar soluciones complementarias para ampliar la oferta y profesionalizar la gesti\u00f3n. Como los impulsados desde <a href=\"https:\/\/www.habitatinsulae.es\/ca\/genivs\/\" target=\"_blank\" rel=\"noopener\">GENIVS INSULAE<\/a>, y otros enfoques sobre <a href=\"https:\/\/www.habitatinsulae.es\/ca\/impacto-social\/\" target=\"_blank\" rel=\"noopener\">impacto social<\/a> o programas centrados en <a href=\"https:\/\/www.habitatinsulae.es\/ca\/vivienda-joven\/\" target=\"_blank\" rel=\"noopener\">vivienda joven<\/a>.<\/p>\n<div id=\"attachment_15409\" style=\"width: 1034px\" class=\"wp-caption aligncenter\"><img decoding=\"async\" aria-describedby=\"caption-attachment-15409\" class=\"wp-image-15409 size-large\" src=\"https:\/\/www.habitatinsulae.es\/wp-content\/uploads\/2026\/02\/54042111074_288defdf71_o-1024x683.jpg\" alt=\"Salvador Illa en la inauguraci\u00f3n del curso acad\u00e9mico universitario de la UOC en 2024. Fuente: UOC. \" width=\"1024\" height=\"683\" srcset=\"https:\/\/www.habitatinsulae.es\/wp-content\/uploads\/2026\/02\/54042111074_288defdf71_o-1024x683.jpg 1024w, https:\/\/www.habitatinsulae.es\/wp-content\/uploads\/2026\/02\/54042111074_288defdf71_o-300x200.jpg 300w, https:\/\/www.habitatinsulae.es\/wp-content\/uploads\/2026\/02\/54042111074_288defdf71_o-768x512.jpg 768w, https:\/\/www.habitatinsulae.es\/wp-content\/uploads\/2026\/02\/54042111074_288defdf71_o-1536x1024.jpg 1536w, https:\/\/www.habitatinsulae.es\/wp-content\/uploads\/2026\/02\/54042111074_288defdf71_o-2048x1366.jpg 2048w, https:\/\/www.habitatinsulae.es\/wp-content\/uploads\/2026\/02\/54042111074_288defdf71_o-18x12.jpg 18w, https:\/\/www.habitatinsulae.es\/wp-content\/uploads\/2026\/02\/54042111074_288defdf71_o-787x524.jpg 787w\" sizes=\"(max-width: 1024px) 100vw, 1024px\" \/><p id=\"caption-attachment-15409\" class=\"wp-caption-text\">Salvador Illa en la inauguraci\u00f3n del curso acad\u00e9mico universitario de la UOC en 2024. Fuente: UOC.<\/p><\/div>\n<p>M\u00e1s informaci\u00f3n en la pieza original: <a href=\"https:\/\/www.europapress.tv\/politica\/1060517\/1\/illa-dice-evitar-compra-especulativa-vivienda-no-pone-riesgo-propiedad-privada\" target=\"_blank\" rel=\"noopener\">Europa Press Televisi\u00f3n<\/a>. Contexto europeo: <a href=\"https:\/\/commission.europa.eu\/topics\/employment-and-social-affairs\/affordable-housing_es\" target=\"_blank\" rel=\"noopener\">Plan europeo de vivienda asequible (Comisi\u00f3n Europea)<\/a>.<\/p>\n<p><strong>Fuente:<\/strong> Europa Press Televisi\u00f3n<\/p>","protected":false},"excerpt":{"rendered":"<p>Salvador Illa sostiene que frenar la compra especulativa de vivienda no pone en riesgo la propiedad privada. El Govern estudia medidas tras informes que apuntan a su viabilidad y constitucionalidad, mientras avanza un acuerdo con las di\u00f3cesis catalanas para impulsar vivienda social.<\/p>","protected":false},"author":3,"featured_media":15408,"comment_status":"open","ping_status":"open","sticky":false,"template":"","format":"standard","meta":{"footnotes":""},"categories":[2,95,96,3],"tags":[162,163,150,165,145],"class_list":["post-15404","post","type-post","status-publish","format-standard","has-post-thumbnail","hentry","category-actualidad","category-fonos-inversion-social","category-politica","category-vivienda","tag-catalunya","tag-economia","tag-politica","tag-sociedad","tag-vivienda"],"aioseo_notices":[],"_wp_attached_file":null,"_wp_attachment_metadata":null,"cmsmasters_profile_title":null,"cmsmasters_profile_details_title":null,"cmsmasters_profile_social":null,"cmsmasters_profile_features":null,"cmsmasters_profile_features_one":null,"cmsmasters_profile_features_two":null,"cmsmasters_profile_features_three":null,"cmsmasters_profile_sharing_box":null,"cmsmasters_profile_read_more":null,"cmsmasters_profile_subtitle":null,"cmsmasters_profile_featured_image":null,"cmsmasters_project_columns":null,"cmsmasters_project_video_type":null,"cmsmasters_project_video_links":null,"cmsmasters_project_title":null,"cmsmasters_project_size":null,"cmsmasters_project_details_title":null,"cmsmasters_project_features":null,"cmsmasters_project_link_text":null,"cmsmasters_project_link_redirect":null,"cmsmasters_project_link_target":null,"cmsmasters_project_features_one":null,"cmsmasters_project_features_two":null,"cmsmasters_project_features_three":null,"cmsmasters_project_sharing_box":null,"cmsmasters_project_author_box":null,"cmsmasters_project_more_posts":null,"cmsmasters_project_project_options":null,"cmsmasters_project_read_more":null,"cmsmasters_project_images":null,"cmsmasters_project_image_show":null,"_oembed_b1ccef4f7d7ec9ee9f363a917754e485":null,"_oembed_time_b1ccef4f7d7ec9ee9f363a917754e485":null,"_oembed_94f7d3c89c139230786a25858f781fe7":null,"_oembed_time_94f7d3c89c139230786a25858f781fe7":null,"_oembed_0902e555d5b62bccd72f45d83d98b16e":null,"_oembed_time_0902e555d5b62bccd72f45d83d98b16e":null,"cmsmasters_project_puzzle_image":null,"_wp_attachment_context":null,"_eael_custom_js":null,"_menu_item_type":null,"_menu_item_menu_item_parent":null,"_menu_item_object_id":null,"_menu_item_object":null,"_menu_item_target":null,"_menu_item_classes":null,"_menu_item_xfn":null,"_menu_item_url":null,"_wp_page_template":null,"_wpb_vc_js_interface_version":null,"vc_teaser":null,"_post_restored_from":null,"pressroom_review_average":null,"before_widget":null,"after_widget":null,"before_title":null,"after_title":null,"hidden":null,"_wp_attachment_image_alt":null,"rank_math_primary_category":null,"rank_math_seo_score":null,"rank_math_contentai_score":null,"rank_math_title":null,"rank_math_schema_article":null,"rank_math_shortcode_schema_s-687fa54b292b3":null,"rank_math_description":null,"rank_math_focus_keyword":null,"om_disable_all_campaigns":null,"original-file":null,"smush-complete":null,"smush-info":null,"smush-stats":null,"_monsterinsights_sitenote_active":null,"_yoast_wpseo_primary_category":null,"_yoast_wpseo_content_score":null,"_yoast_wpseo_estimated-reading-time-minutes":null,"_yoast_wpseo_metadesc":null,"_cmplz_scanned_post":"1","_aioseop_title":null,"_aioseop_description":null,"_aioseop_keywords":null,"_wpb_post_custom_seo_settings":null,"_wpb_post_custom_css":null,"enclosure":null,"_oembed_917c769c7dbf5d57ddaf9c4330ca4b4f":null,"_elementor_edit_mode":null,"_elementor_template_type":null,"cmsmasters_shortcodes_custom_css":null,"cmsmasters_post_image_show":null,"cmsmasters_post_image_link":null,"cmsmasters_post_images":null,"cmsmasters_post_video_type":null,"cmsmasters_post_video_link":null,"cmsmasters_post_video_links":null,"cmsmasters_post_audio_links":null,"cmsmasters_post_title":null,"cmsmasters_post_sharing_box":null,"cmsmasters_post_author_box":null,"cmsmasters_post_more_posts":null,"cmsmasters_post_read_more":null,"cmsmasters_page_scheme":null,"cmsmasters_layout":null,"cmsmasters_sidebar_id":null,"cmsmasters_bottom_sidebar":null,"cmsmasters_bottom_sidebar_id":null,"cmsmasters_bottom_sidebar_layout":null,"cmsmasters_bg_default":null,"cmsmasters_bg_col":null,"cmsmasters_bg_img_enable":null,"cmsmasters_bg_img":null,"cmsmasters_bg_rep":null,"cmsmasters_bg_pos":null,"cmsmasters_bg_att":null,"cmsmasters_bg_size":null,"cmsmasters_heading":null,"cmsmasters_heading_title":null,"cmsmasters_heading_subtitle":null,"cmsmasters_heading_icon":null,"cmsmasters_heading_alignment":null,"cmsmasters_heading_scheme":null,"cmsmasters_heading_bg_img_enable":null,"cmsmasters_heading_bg_img":null,"cmsmasters_heading_bg_rep":null,"cmsmasters_heading_bg_att":null,"cmsmasters_heading_bg_size":null,"cmsmasters_heading_bg_color":null,"cmsmasters_heading_height":null,"cmsmasters_breadcrumbs":null,"cmsmasters_composer_show":null,"cmsmasters_gutenberg_show":null,"cmsmasters_composer_fullscreen":null,"slide_template":null,"_wp_old_slug":null,"cmsmasters_likes":null,"_thumbnail_id":"15408","_elementor_version":null,"_elementor_pro_version":null,"_elementor_data":null,"_wpb_vc_editor_type":"classic","_wpb_vc_js_status":null,"pressroom_primary_category":"-","pressroom_featured_caption":"","pressroom_featured_caption_author":"","pressroom_video_url":"","pressroom_post_url":"","pressroom_quote_text":"","pressroom_quote_author":"","pressroom_audio_url":"","social_icon_type":[],"social_icon_url":["","","",""],"social_icon_target":["same_window","same_window","same_window","same_window"],"pressroom_attachment_ids":["","",""],"pressroom_images":[],"pressroom_images_titles":["","",""],"pressroom_images_descriptions":["","",""],"pressroom_videos":["","",""],"pressroom_iframes":["","",""],"pressroom_is_review":"no","pressroom_points_scale":"","pressroom_review_label":[],"pressroom_review_value":[],"pressroom_review_title":"","pressroom_review_description":"","page_sidebar_header":"","page_sidebar_top":"","page_sidebar_right":"","page_sidebar_footer_top":"","page_sidebar_footer_bottom":"","pressroom_page_sidebars":[],"_vc_post_settings":null,"post_views_count":"146","_edit_last":"1","_edit_lock":"1772815615:1","_wpb_post_custom_layout":null,"rank_math_internal_links_processed":null,"footnotes":null,"_wp_old_date":null,"_aioseo_title":"#post_title","_aioseo_description":"Illa defiende que limitar la compra especulativa de vivienda no cuestiona la propiedad privada y avanza medidas tras informes que lo ven viable.","_aioseo_keywords":[],"_aioseo_og_title":"","_aioseo_og_description":"","_aioseo_og_article_section":"","_aioseo_og_article_tags":[],"_aioseo_twitter_title":"","_aioseo_twitter_description":"","_cdp_origin":null,"_cdp_origin_site":null,"_cdp_origin_title":null,"_cdp_counter":null,"cmplz_hide_cookiebanner":null,"_links":{"self":[{"href":"https:\/\/www.habitatinsulae.es\/ca\/wp-json\/wp\/v2\/posts\/15404","targetHints":{"allow":["GET"]}}],"collection":[{"href":"https:\/\/www.habitatinsulae.es\/ca\/wp-json\/wp\/v2\/posts"}],"about":[{"href":"https:\/\/www.habitatinsulae.es\/ca\/wp-json\/wp\/v2\/types\/post"}],"author":[{"embeddable":true,"href":"https:\/\/www.habitatinsulae.es\/ca\/wp-json\/wp\/v2\/users\/3"}],"replies":[{"embeddable":true,"href":"https:\/\/www.habitatinsulae.es\/ca\/wp-json\/wp\/v2\/comments?post=15404"}],"version-history":[{"count":1,"href":"https:\/\/www.habitatinsulae.es\/ca\/wp-json\/wp\/v2\/posts\/15404\/revisions"}],"predecessor-version":[{"id":15410,"href":"https:\/\/www.habitatinsulae.es\/ca\/wp-json\/wp\/v2\/posts\/15404\/revisions\/15410"}],"wp:featuredmedia":[{"embeddable":true,"href":"https:\/\/www.habitatinsulae.es\/ca\/wp-json\/wp\/v2\/media\/15408"}],"wp:attachment":[{"href":"https:\/\/www.habitatinsulae.es\/ca\/wp-json\/wp\/v2\/media?parent=15404"}],"wp:term":[{"taxonomy":"category","embeddable":true,"href":"https:\/\/www.habitatinsulae.es\/ca\/wp-json\/wp\/v2\/categories?post=15404"},{"taxonomy":"post_tag","embeddable":true,"href":"https:\/\/www.habitatinsulae.es\/ca\/wp-json\/wp\/v2\/tags?post=15404"}],"curies":[{"name":"wp","href":"https:\/\/api.w.org\/{rel}","templated":true}]}}