




{"id":14933,"date":"2025-07-24T20:03:39","date_gmt":"2025-07-24T18:03:39","guid":{"rendered":"https:\/\/www.habitatinsulae.es\/?p=14933"},"modified":"2025-09-24T20:05:56","modified_gmt":"2025-09-24T18:05:56","slug":"5-aniversario-de-la-fundacion-metropolitan-house","status":"publish","type":"post","link":"https:\/\/www.habitatinsulae.es\/ca\/5-aniversario-de-la-fundacion-metropolitan-house\/","title":{"rendered":"5\u00ba aniversario de la Fundaci\u00f3n Metropolitan House"},"content":{"rendered":"<p><title>Fundaci\u00f3n Metropolitan House: 5\u00ba aniversario e impacto<\/title><br \/>\n<meta name=\"description\" content=\"La Fundaci\u00f3n Metropolitan House celebra 5 a\u00f1os con balance de impacto social y alianzas acad\u00e9micas: 18 proyectos, 4.600 personas, 6 estudios y 4 podcasts.\"><\/p>\n<p><!-- Extracto SEO: La Fundaci\u00f3n Metropolitan House celebra su 5\u00ba aniversario con un balance que subraya el impacto social y la generaci\u00f3n de conocimiento: 18 proyectos junto a entidades y ayuntamientos, m\u00e1s de 4.600 personas beneficiadas y una c\u00e1tedra universitaria que impulsa vivienda digna y sostenible. --><\/p>\n<h1>Fundaci\u00f3n Metropolitan House: 5\u00ba aniversario, balance de impacto y compromiso compartido<\/h1>\n<p>La Fundaci\u00f3n Metropolitan House celebr\u00f3 su <strong>5\u00ba aniversario<\/strong> con un acto institucional que reuni\u00f3 a donantes, entidades sociales, representantes p\u00fablicos y aliados acad\u00e9micos. La jornada sirvi\u00f3 para reconocer el camino recorrido desde 2020 y renovar el <strong>compromiso con la vivienda digna y sostenible<\/strong>, la inclusi\u00f3n social y la generaci\u00f3n de conocimiento aplicado.<\/p>\n<h2>Un acto para reconocer y renovar compromisos<\/h2>\n<p>El encuentro \u2014celebrado el 23 de julio\u2014 puso en valor el trabajo conjunto de la Fundaci\u00f3n, Metropolitan House y su red de apoyo. Se agradeci\u00f3 de forma expresa la contribuci\u00f3n de <strong>donantes<\/strong> del sector inmobiliario y profesional, as\u00ed como la <strong>implicaci\u00f3n estructural<\/strong> de la empresa fundadora. La premisa que guio la celebraci\u00f3n fue clara: <em>unidad, corresponsabilidad y comunidad<\/em>, entendiendo la cooperaci\u00f3n entre agentes como motor de impacto real en las personas.<\/p>\n<h2>Impacto social: proyectos, alianzas locales y resultados<\/h2>\n<p>En el \u00e1mbito social, la Fundaci\u00f3n ha impulsado iniciativas que atienden necesidades b\u00e1sicas, promueven la inclusi\u00f3n y refuerzan la sostenibilidad. El balance de este lustro destaca la <strong>colaboraci\u00f3n con entidades sociales<\/strong> y con los <strong>ayuntamientos de Cornell\u00e0, L\u2019Hospitalet, Esplugues y Sant Joan Desp\u00ed<\/strong>, donde la acci\u00f3n se ha focalizado para \u201cdevolver a la comunidad lo recibido\u201d. En cinco a\u00f1os se han desarrollado <strong>18 proyectos<\/strong> que han beneficiado a <strong>m\u00e1s de 4.600 personas<\/strong>, consolidando una hoja de ruta de intervenci\u00f3n local con resultados tangibles.<\/p>\n<h2>Conocimiento y alianzas acad\u00e9micas para una vivienda m\u00e1s justa<\/h2>\n<p>La Fundaci\u00f3n tambi\u00e9n ha apostado por la investigaci\u00f3n y la divulgaci\u00f3n. En colaboraci\u00f3n con la <strong>Barcelona School of Management (UPF)<\/strong>, desde 2021 impulsa la <strong>C\u00e1tedra de Vivienda Digna y Sostenible<\/strong>, que ha producido <strong>6 estudios<\/strong> sobre vivienda y sector inmobiliario, <strong>4 podcasts<\/strong> con voces expertas y <strong>2 premios<\/strong> a trabajos acad\u00e9micos sobresalientes. El objetivo es transferir conocimiento que ayude a orientar pol\u00edticas p\u00fablicas y estrategias sectoriales hacia un <strong>modelo de vivienda m\u00e1s justo y sostenible<\/strong>. El acto concluy\u00f3 con un reconocimiento al equipo humano de Metropolitan House por su capacidad de convertir valores en acciones.<\/p>","protected":false},"excerpt":{"rendered":"<p>La Fundaci\u00f3n Metropolitan House celebra su 5\u00ba aniversario con un balance que subraya el impacto social y la generaci\u00f3n de conocimiento: 18 proyectos junto a entidades y ayuntamientos, m\u00e1s de 4.600 personas beneficiadas y una c\u00e1tedra universitaria que impulsa vivienda digna y sostenible.<\/p>","protected":false},"author":1,"featured_media":14935,"comment_status":"open","ping_status":"open","sticky":false,"template":"","format":"standard","meta":{"footnotes":""},"categories":[3],"tags":[174,163,166,171,177,164,173,170,168,150,167,175,172,165,176,145,169],"class_list":["post-14933","post","type-post","status-publish","format-standard","has-post-thumbnail","hentry","category-vivienda","tag-control-alquiler-turistico","tag-economia","tag-genivs","tag-ine-pisos-turisticos","tag-jovenes","tag-mercado-inmobiliario","tag-mercado-inmobiliario-espana","tag-normativa-pisos-turisticos","tag-pisos-turisticos-espana","tag-politica","tag-registro-alquiler-turistico","tag-registro-unico-vivienda-turistica","tag-regulacion-alquiler-vacacional","tag-sociedad","tag-viveinda","tag-vivienda","tag-viviendas-vacacionales"],"aioseo_notices":[],"_wp_attached_file":null,"_wp_attachment_metadata":null,"cmsmasters_profile_title":null,"cmsmasters_profile_details_title":null,"cmsmasters_profile_social":null,"cmsmasters_profile_features":null,"cmsmasters_profile_features_one":null,"cmsmasters_profile_features_two":null,"cmsmasters_profile_features_three":null,"cmsmasters_profile_sharing_box":null,"cmsmasters_profile_read_more":null,"cmsmasters_profile_subtitle":null,"cmsmasters_profile_featured_image":null,"cmsmasters_project_columns":null,"cmsmasters_project_video_type":null,"cmsmasters_project_video_links":null,"cmsmasters_project_title":null,"cmsmasters_project_size":null,"cmsmasters_project_details_title":null,"cmsmasters_project_features":null,"cmsmasters_project_link_text":null,"cmsmasters_project_link_redirect":null,"cmsmasters_project_link_target":null,"cmsmasters_project_features_one":null,"cmsmasters_project_features_two":null,"cmsmasters_project_features_three":null,"cmsmasters_project_sharing_box":null,"cmsmasters_project_author_box":null,"cmsmasters_project_more_posts":null,"cmsmasters_project_project_options":null,"cmsmasters_project_read_more":null,"cmsmasters_project_images":null,"cmsmasters_project_image_show":null,"_oembed_b1ccef4f7d7ec9ee9f363a917754e485":null,"_oembed_time_b1ccef4f7d7ec9ee9f363a917754e485":null,"_oembed_94f7d3c89c139230786a25858f781fe7":null,"_oembed_time_94f7d3c89c139230786a25858f781fe7":null,"_oembed_0902e555d5b62bccd72f45d83d98b16e":null,"_oembed_time_0902e555d5b62bccd72f45d83d98b16e":null,"cmsmasters_project_puzzle_image":null,"_wp_attachment_context":null,"_eael_custom_js":null,"_menu_item_type":null,"_menu_item_menu_item_parent":null,"_menu_item_object_id":null,"_menu_item_object":null,"_menu_item_target":null,"_menu_item_classes":null,"_menu_item_xfn":null,"_menu_item_url":null,"_wp_page_template":null,"_wpb_vc_js_interface_version":null,"vc_teaser":null,"_post_restored_from":null,"pressroom_review_average":null,"before_widget":null,"after_widget":null,"before_title":null,"after_title":null,"hidden":null,"_wp_attachment_image_alt":null,"rank_math_primary_category":null,"rank_math_seo_score":null,"rank_math_contentai_score":null,"rank_math_title":null,"rank_math_schema_article":null,"rank_math_shortcode_schema_s-687fa54b292b3":null,"rank_math_description":null,"rank_math_focus_keyword":null,"om_disable_all_campaigns":null,"original-file":null,"smush-complete":null,"smush-info":null,"smush-stats":null,"_monsterinsights_sitenote_active":null,"_yoast_wpseo_primary_category":null,"_yoast_wpseo_content_score":null,"_yoast_wpseo_estimated-reading-time-minutes":null,"_yoast_wpseo_metadesc":null,"_cmplz_scanned_post":null,"_aioseop_title":null,"_aioseop_description":null,"_aioseop_keywords":null,"_wpb_post_custom_seo_settings":null,"_wpb_post_custom_css":null,"enclosure":null,"_oembed_917c769c7dbf5d57ddaf9c4330ca4b4f":null,"_elementor_edit_mode":null,"_elementor_template_type":null,"cmsmasters_shortcodes_custom_css":null,"cmsmasters_post_image_show":null,"cmsmasters_post_image_link":null,"cmsmasters_post_images":null,"cmsmasters_post_video_type":null,"cmsmasters_post_video_link":null,"cmsmasters_post_video_links":null,"cmsmasters_post_audio_links":null,"cmsmasters_post_title":null,"cmsmasters_post_sharing_box":null,"cmsmasters_post_author_box":null,"cmsmasters_post_more_posts":null,"cmsmasters_post_read_more":null,"cmsmasters_page_scheme":null,"cmsmasters_layout":null,"cmsmasters_sidebar_id":null,"cmsmasters_bottom_sidebar":null,"cmsmasters_bottom_sidebar_id":null,"cmsmasters_bottom_sidebar_layout":null,"cmsmasters_bg_default":null,"cmsmasters_bg_col":null,"cmsmasters_bg_img_enable":null,"cmsmasters_bg_img":null,"cmsmasters_bg_rep":null,"cmsmasters_bg_pos":null,"cmsmasters_bg_att":null,"cmsmasters_bg_size":null,"cmsmasters_heading":null,"cmsmasters_heading_title":null,"cmsmasters_heading_subtitle":null,"cmsmasters_heading_icon":null,"cmsmasters_heading_alignment":null,"cmsmasters_heading_scheme":null,"cmsmasters_heading_bg_img_enable":null,"cmsmasters_heading_bg_img":null,"cmsmasters_heading_bg_rep":null,"cmsmasters_heading_bg_att":null,"cmsmasters_heading_bg_size":null,"cmsmasters_heading_bg_color":null,"cmsmasters_heading_height":null,"cmsmasters_breadcrumbs":null,"cmsmasters_composer_show":null,"cmsmasters_gutenberg_show":null,"cmsmasters_composer_fullscreen":null,"slide_template":null,"_wp_old_slug":"zmienic-4","cmsmasters_likes":null,"_thumbnail_id":"14935","_elementor_version":null,"_elementor_pro_version":null,"_elementor_data":null,"_wpb_vc_editor_type":"classic","_wpb_vc_js_status":null,"pressroom_primary_category":"-","pressroom_featured_caption":"","pressroom_featured_caption_author":"","pressroom_video_url":"","pressroom_post_url":"","pressroom_quote_text":"","pressroom_quote_author":"","pressroom_audio_url":"","social_icon_type":[],"social_icon_url":["","","",""],"social_icon_target":["same_window","same_window","same_window","same_window"],"pressroom_attachment_ids":["","",""],"pressroom_images":[],"pressroom_images_titles":["","",""],"pressroom_images_descriptions":["","",""],"pressroom_videos":["","",""],"pressroom_iframes":["","",""],"pressroom_is_review":"no","pressroom_points_scale":"","pressroom_review_label":[],"pressroom_review_value":[],"pressroom_review_title":"","pressroom_review_description":"","page_sidebar_header":"","page_sidebar_top":"","page_sidebar_right":"","page_sidebar_footer_top":"","page_sidebar_footer_bottom":"","pressroom_page_sidebars":[],"_vc_post_settings":null,"post_views_count":"105","_edit_last":"1","_edit_lock":"1758737119:1","_wpb_post_custom_layout":null,"rank_math_internal_links_processed":null,"footnotes":null,"_wp_old_date":"2015-01-21","_aioseo_title":"","_aioseo_description":"","_aioseo_keywords":[],"_aioseo_og_title":"","_aioseo_og_description":"","_aioseo_og_article_section":"","_aioseo_og_article_tags":[],"_aioseo_twitter_title":"","_aioseo_twitter_description":"","_cdp_origin":"14928","_cdp_origin_site":"-1","_cdp_origin_title":" Metropolitan House celebra el D\u00eda Mundial de la Construcci\u00f3n Sostenible #[Counter]","_cdp_counter":"2","cmplz_hide_cookiebanner":"","_links":{"self":[{"href":"https:\/\/www.habitatinsulae.es\/ca\/wp-json\/wp\/v2\/posts\/14933","targetHints":{"allow":["GET"]}}],"collection":[{"href":"https:\/\/www.habitatinsulae.es\/ca\/wp-json\/wp\/v2\/posts"}],"about":[{"href":"https:\/\/www.habitatinsulae.es\/ca\/wp-json\/wp\/v2\/types\/post"}],"author":[{"embeddable":true,"href":"https:\/\/www.habitatinsulae.es\/ca\/wp-json\/wp\/v2\/users\/1"}],"replies":[{"embeddable":true,"href":"https:\/\/www.habitatinsulae.es\/ca\/wp-json\/wp\/v2\/comments?post=14933"}],"version-history":[{"count":2,"href":"https:\/\/www.habitatinsulae.es\/ca\/wp-json\/wp\/v2\/posts\/14933\/revisions"}],"predecessor-version":[{"id":14936,"href":"https:\/\/www.habitatinsulae.es\/ca\/wp-json\/wp\/v2\/posts\/14933\/revisions\/14936"}],"wp:featuredmedia":[{"embeddable":true,"href":"https:\/\/www.habitatinsulae.es\/ca\/wp-json\/wp\/v2\/media\/14935"}],"wp:attachment":[{"href":"https:\/\/www.habitatinsulae.es\/ca\/wp-json\/wp\/v2\/media?parent=14933"}],"wp:term":[{"taxonomy":"category","embeddable":true,"href":"https:\/\/www.habitatinsulae.es\/ca\/wp-json\/wp\/v2\/categories?post=14933"},{"taxonomy":"post_tag","embeddable":true,"href":"https:\/\/www.habitatinsulae.es\/ca\/wp-json\/wp\/v2\/tags?post=14933"}],"curies":[{"name":"wp","href":"https:\/\/api.w.org\/{rel}","templated":true}]}}